{"id":10077,"date":"2021-10-07T12:57:28","date_gmt":"2021-10-07T10:57:28","guid":{"rendered":"https:\/\/www.ediren.com\/?p=10077"},"modified":"2022-10-11T11:09:08","modified_gmt":"2022-10-11T09:09:08","slug":"terapeuta-psikomotorra-behar-dugu","status":"publish","type":"post","link":"https:\/\/www.ediren.com\/eu\/berriak\/terapeuta-psikomotorra-behar-dugu\/","title":{"rendered":"Terapeuta psikomotorra behar dugu"},"content":{"rendered":"<p>Gure kooperatiba lan-taldea handitzeko asmotan dabil. Honako ezaugarriak eskatzen dira:<\/p>\n<ul>\n<li><strong>Psikologia<\/strong> titulua.<\/li>\n<li><strong>Psikomotrizitate-terapia<\/strong> arloko titulua.<\/li>\n<li><strong>Euskara<\/strong> menderatzea.<\/li>\n<li>Ordutegi malgutasuna eta lan-taldean aritzeko gaitasuna.<\/li>\n<li>Osasun arloko Psikologia Masterra edo dagokion gaikuntza izatea baloratuko da. Irailean hasteko.<\/li>\n<\/ul>\n<p>&nbsp;<\/p>\n<p>Hautatutako pertsonak 10 urtetik beherako haurrekin egingo ditu esku-hartzeak, banakako saioetan, honako arazo hauei erantzuteko:<\/p>\n<div class=\"row\">\n<ul>\n<li>Eskolako zailtasunak<\/li>\n<li>Jokabide-arazoak: oldarkortasuna, inhibizioa, hiperaktibitatea<\/li>\n<li>Komunikazio- eta hizkuntza-arazoak<\/li>\n<li>Heltzeko zailtasunak<\/li>\n<\/ul>\n<\/div>\n<p>Interesa duten pertsonek curriculuma bidal dezakete curriculum@ediren.com helbidera.<\/p>\n<p>Eskerrik asko.<\/p>\n","protected":false},"excerpt":{"rendered":"<p>Gure kooperatibak laster sartu behar du bere profesional-taldean Psikologia eta Terapia Psikomotorreko titulazioa duen pertsona bat.<\/p>\n","protected":false},"author":3,"featured_media":10090,"comment_status":"open","ping_status":"closed","sticky":false,"template":"","format":"standard","meta":{"_genesis_hide_title":false,"_genesis_hide_breadcrumbs":false,"_genesis_hide_singular_image":false,"_genesis_hide_footer_widgets":false,"_genesis_custom_body_class":"","_genesis_custom_post_class":"","_genesis_layout":"","footnotes":""},"categories":[45],"tags":[],"class_list":{"0":"post-10077","1":"post","2":"type-post","3":"status-publish","4":"format-standard","5":"has-post-thumbnail","7":"category-berriak","8":"entry"},"yoast_head":"<!-- This site is optimized with the Yoast SEO plugin v27.4 - https:\/\/yoast.com\/product\/yoast-seo-wordpress\/ -->\n<title>Terapeuta psikomotorra behar dugu - Centro de Psicoterapia y Fisioterapia<\/title>\n<meta name=\"description\" content=\"Ediren, Centro de Psicoterapia y Psic\u00f3logos, especialistas en rehabilitaci\u00f3n y en psicolog\u00eda. Terapeuta psikomotorra behar dugu\" \/>\n<meta name=\"robots\" content=\"index, follow, max-snippet:-1, max-image-preview:large, max-video-preview:-1\" \/>\n<link rel=\"canonical\" href=\"https:\/\/www.ediren.com\/eu\/berriak\/terapeuta-psikomotorra-behar-dugu\/\" \/>\n<meta property=\"og:locale\" content=\"eu_ES\" \/>\n<meta property=\"og:type\" content=\"article\" \/>\n<meta property=\"og:title\" content=\"Terapeuta psikomotorra behar dugu - Centro de Psicoterapia y Fisioterapia\" \/>\n<meta property=\"og:description\" content=\"Ediren, Centro de Psicoterapia y Psic\u00f3logos, especialistas en rehabilitaci\u00f3n y en psicolog\u00eda. Terapeuta psikomotorra behar dugu\" \/>\n<meta property=\"og:url\" content=\"https:\/\/www.ediren.com\/eu\/berriak\/terapeuta-psikomotorra-behar-dugu\/\" \/>\n<meta property=\"og:site_name\" content=\"Ediren\" \/>\n<meta property=\"article:publisher\" content=\"https:\/\/www.facebook.com\/pages\/Ediren-SALUD\/298201266858043\" \/>\n<meta property=\"article:published_time\" content=\"2021-10-07T10:57:28+00:00\" \/>\n<meta property=\"article:modified_time\" content=\"2022-10-11T09:09:08+00:00\" \/>\n<meta property=\"og:image\" content=\"https:\/\/www.ediren.com\/wp-content\/uploads\/2021\/10\/oferta-terapeuta-psicomotriz-webOK-2.jpg\" \/>\n\t<meta property=\"og:image:width\" content=\"800\" \/>\n\t<meta property=\"og:image:height\" content=\"419\" \/>\n\t<meta property=\"og:image:type\" content=\"image\/jpeg\" \/>\n<meta name=\"author\" content=\"ediren\" \/>\n<meta name=\"twitter:card\" content=\"summary_large_image\" \/>\n<meta name=\"twitter:creator\" content=\"@edirensalud\" \/>\n<meta name=\"twitter:site\" content=\"@edirensalud\" \/>\n<meta name=\"twitter:label1\" content=\"Written by\" \/>\n\t<meta name=\"twitter:data1\" content=\"ediren\" \/>\n\t<meta name=\"twitter:label2\" content=\"Est. reading time\" \/>\n\t<meta name=\"twitter:data2\" content=\"1 minute\" \/>\n<script type=\"application\/ld+json\" class=\"yoast-schema-graph\">{\"@context\":\"https:\\\/\\\/schema.org\",\"@graph\":[{\"@type\":[\"Article\",\"BlogPosting\"],\"@id\":\"https:\\\/\\\/www.ediren.com\\\/eu\\\/berriak\\\/terapeuta-psikomotorra-behar-dugu\\\/#article\",\"isPartOf\":{\"@id\":\"https:\\\/\\\/www.ediren.com\\\/eu\\\/berriak\\\/terapeuta-psikomotorra-behar-dugu\\\/\"},\"author\":{\"name\":\"ediren\",\"@id\":\"https:\\\/\\\/www.ediren.com\\\/eu\\\/#\\\/schema\\\/person\\\/3611d04167eca3fef669d638c900d126\"},\"headline\":\"Terapeuta psikomotorra behar dugu\",\"datePublished\":\"2021-10-07T10:57:28+00:00\",\"dateModified\":\"2022-10-11T09:09:08+00:00\",\"mainEntityOfPage\":{\"@id\":\"https:\\\/\\\/www.ediren.com\\\/eu\\\/berriak\\\/terapeuta-psikomotorra-behar-dugu\\\/\"},\"wordCount\":77,\"commentCount\":0,\"image\":{\"@id\":\"https:\\\/\\\/www.ediren.com\\\/eu\\\/berriak\\\/terapeuta-psikomotorra-behar-dugu\\\/#primaryimage\"},\"thumbnailUrl\":\"https:\\\/\\\/www.ediren.com\\\/wp-content\\\/uploads\\\/2021\\\/10\\\/oferta-terapeuta-psicomotriz-webOK-2.jpg\",\"articleSection\":[\"Berriak\"],\"inLanguage\":\"eu-ES\",\"potentialAction\":[{\"@type\":\"CommentAction\",\"name\":\"Comment\",\"target\":[\"https:\\\/\\\/www.ediren.com\\\/eu\\\/berriak\\\/terapeuta-psikomotorra-behar-dugu\\\/#respond\"]}]},{\"@type\":[\"WebPage\",\"ItemPage\"],\"@id\":\"https:\\\/\\\/www.ediren.com\\\/eu\\\/berriak\\\/terapeuta-psikomotorra-behar-dugu\\\/\",\"url\":\"https:\\\/\\\/www.ediren.com\\\/eu\\\/berriak\\\/terapeuta-psikomotorra-behar-dugu\\\/\",\"name\":\"Terapeuta psikomotorra behar dugu - Centro de Psicoterapia y Fisioterapia\",\"isPartOf\":{\"@id\":\"https:\\\/\\\/www.ediren.com\\\/eu\\\/#website\"},\"primaryImageOfPage\":{\"@id\":\"https:\\\/\\\/www.ediren.com\\\/eu\\\/berriak\\\/terapeuta-psikomotorra-behar-dugu\\\/#primaryimage\"},\"image\":{\"@id\":\"https:\\\/\\\/www.ediren.com\\\/eu\\\/berriak\\\/terapeuta-psikomotorra-behar-dugu\\\/#primaryimage\"},\"thumbnailUrl\":\"https:\\\/\\\/www.ediren.com\\\/wp-content\\\/uploads\\\/2021\\\/10\\\/oferta-terapeuta-psicomotriz-webOK-2.jpg\",\"datePublished\":\"2021-10-07T10:57:28+00:00\",\"dateModified\":\"2022-10-11T09:09:08+00:00\",\"author\":{\"@id\":\"https:\\\/\\\/www.ediren.com\\\/eu\\\/#\\\/schema\\\/person\\\/3611d04167eca3fef669d638c900d126\"},\"description\":\"Ediren, Centro de Psicoterapia y Psic\u00f3logos, especialistas en rehabilitaci\u00f3n y en psicolog\u00eda. Terapeuta psikomotorra behar dugu\",\"breadcrumb\":{\"@id\":\"https:\\\/\\\/www.ediren.com\\\/eu\\\/berriak\\\/terapeuta-psikomotorra-behar-dugu\\\/#breadcrumb\"},\"inLanguage\":\"eu-ES\",\"potentialAction\":[{\"@type\":\"ReadAction\",\"target\":[\"https:\\\/\\\/www.ediren.com\\\/eu\\\/berriak\\\/terapeuta-psikomotorra-behar-dugu\\\/\"]}]},{\"@type\":\"ImageObject\",\"inLanguage\":\"eu-ES\",\"@id\":\"https:\\\/\\\/www.ediren.com\\\/eu\\\/berriak\\\/terapeuta-psikomotorra-behar-dugu\\\/#primaryimage\",\"url\":\"https:\\\/\\\/www.ediren.com\\\/wp-content\\\/uploads\\\/2021\\\/10\\\/oferta-terapeuta-psicomotriz-webOK-2.jpg\",\"contentUrl\":\"https:\\\/\\\/www.ediren.com\\\/wp-content\\\/uploads\\\/2021\\\/10\\\/oferta-terapeuta-psicomotriz-webOK-2.jpg\",\"width\":800,\"height\":419,\"caption\":\"ediren necesita incorporar una persona titulada en Psicolog\u00eda y Terapia Psicomotriz\"},{\"@type\":\"BreadcrumbList\",\"@id\":\"https:\\\/\\\/www.ediren.com\\\/eu\\\/berriak\\\/terapeuta-psikomotorra-behar-dugu\\\/#breadcrumb\",\"itemListElement\":[{\"@type\":\"ListItem\",\"position\":1,\"name\":\"Portada\",\"item\":\"https:\\\/\\\/www.ediren.com\\\/eu\\\/hasiera\\\/\"},{\"@type\":\"ListItem\",\"position\":2,\"name\":\"Terapeuta psikomotorra behar dugu\"}]},{\"@type\":\"WebSite\",\"@id\":\"https:\\\/\\\/www.ediren.com\\\/eu\\\/#website\",\"url\":\"https:\\\/\\\/www.ediren.com\\\/eu\\\/\",\"name\":\"Ediren\",\"description\":\"Cooperativa de Salud\",\"potentialAction\":[{\"@type\":\"SearchAction\",\"target\":{\"@type\":\"EntryPoint\",\"urlTemplate\":\"https:\\\/\\\/www.ediren.com\\\/eu\\\/?s={search_term_string}\"},\"query-input\":{\"@type\":\"PropertyValueSpecification\",\"valueRequired\":true,\"valueName\":\"search_term_string\"}}],\"inLanguage\":\"eu-ES\"},{\"@type\":\"Person\",\"@id\":\"https:\\\/\\\/www.ediren.com\\\/eu\\\/#\\\/schema\\\/person\\\/3611d04167eca3fef669d638c900d126\",\"name\":\"ediren\",\"image\":{\"@type\":\"ImageObject\",\"inLanguage\":\"eu-ES\",\"@id\":\"https:\\\/\\\/secure.gravatar.com\\\/avatar\\\/f8d44f1152fb94c746ebb6a040cb31fdde0a786d91c7dace04683d793e9ba10c?s=96&d=mm&r=g\",\"url\":\"https:\\\/\\\/secure.gravatar.com\\\/avatar\\\/f8d44f1152fb94c746ebb6a040cb31fdde0a786d91c7dace04683d793e9ba10c?s=96&d=mm&r=g\",\"contentUrl\":\"https:\\\/\\\/secure.gravatar.com\\\/avatar\\\/f8d44f1152fb94c746ebb6a040cb31fdde0a786d91c7dace04683d793e9ba10c?s=96&d=mm&r=g\",\"caption\":\"ediren\"},\"url\":\"https:\\\/\\\/www.ediren.com\\\/eu\\\/perfil\\\/centro-ediren\\\/\"}]}<\/script>\n<!-- \/ Yoast SEO plugin. -->","yoast_head_json":{"title":"Terapeuta psikomotorra behar dugu - Centro de Psicoterapia y Fisioterapia","description":"Ediren, Centro de Psicoterapia y Psic\u00f3logos, especialistas en rehabilitaci\u00f3n y en psicolog\u00eda. Terapeuta psikomotorra behar dugu","robots":{"index":"index","follow":"follow","max-snippet":"max-snippet:-1","max-image-preview":"max-image-preview:large","max-video-preview":"max-video-preview:-1"},"canonical":"https:\/\/www.ediren.com\/eu\/berriak\/terapeuta-psikomotorra-behar-dugu\/","og_locale":"eu_ES","og_type":"article","og_title":"Terapeuta psikomotorra behar dugu - Centro de Psicoterapia y Fisioterapia","og_description":"Ediren, Centro de Psicoterapia y Psic\u00f3logos, especialistas en rehabilitaci\u00f3n y en psicolog\u00eda. Terapeuta psikomotorra behar dugu","og_url":"https:\/\/www.ediren.com\/eu\/berriak\/terapeuta-psikomotorra-behar-dugu\/","og_site_name":"Ediren","article_publisher":"https:\/\/www.facebook.com\/pages\/Ediren-SALUD\/298201266858043","article_published_time":"2021-10-07T10:57:28+00:00","article_modified_time":"2022-10-11T09:09:08+00:00","og_image":[{"width":800,"height":419,"url":"https:\/\/www.ediren.com\/wp-content\/uploads\/2021\/10\/oferta-terapeuta-psicomotriz-webOK-2.jpg","type":"image\/jpeg"}],"author":"ediren","twitter_card":"summary_large_image","twitter_creator":"@edirensalud","twitter_site":"@edirensalud","twitter_misc":{"Written by":"ediren","Est. reading time":"1 minute"},"schema":{"@context":"https:\/\/schema.org","@graph":[{"@type":["Article","BlogPosting"],"@id":"https:\/\/www.ediren.com\/eu\/berriak\/terapeuta-psikomotorra-behar-dugu\/#article","isPartOf":{"@id":"https:\/\/www.ediren.com\/eu\/berriak\/terapeuta-psikomotorra-behar-dugu\/"},"author":{"name":"ediren","@id":"https:\/\/www.ediren.com\/eu\/#\/schema\/person\/3611d04167eca3fef669d638c900d126"},"headline":"Terapeuta psikomotorra behar dugu","datePublished":"2021-10-07T10:57:28+00:00","dateModified":"2022-10-11T09:09:08+00:00","mainEntityOfPage":{"@id":"https:\/\/www.ediren.com\/eu\/berriak\/terapeuta-psikomotorra-behar-dugu\/"},"wordCount":77,"commentCount":0,"image":{"@id":"https:\/\/www.ediren.com\/eu\/berriak\/terapeuta-psikomotorra-behar-dugu\/#primaryimage"},"thumbnailUrl":"https:\/\/www.ediren.com\/wp-content\/uploads\/2021\/10\/oferta-terapeuta-psicomotriz-webOK-2.jpg","articleSection":["Berriak"],"inLanguage":"eu-ES","potentialAction":[{"@type":"CommentAction","name":"Comment","target":["https:\/\/www.ediren.com\/eu\/berriak\/terapeuta-psikomotorra-behar-dugu\/#respond"]}]},{"@type":["WebPage","ItemPage"],"@id":"https:\/\/www.ediren.com\/eu\/berriak\/terapeuta-psikomotorra-behar-dugu\/","url":"https:\/\/www.ediren.com\/eu\/berriak\/terapeuta-psikomotorra-behar-dugu\/","name":"Terapeuta psikomotorra behar dugu - Centro de Psicoterapia y Fisioterapia","isPartOf":{"@id":"https:\/\/www.ediren.com\/eu\/#website"},"primaryImageOfPage":{"@id":"https:\/\/www.ediren.com\/eu\/berriak\/terapeuta-psikomotorra-behar-dugu\/#primaryimage"},"image":{"@id":"https:\/\/www.ediren.com\/eu\/berriak\/terapeuta-psikomotorra-behar-dugu\/#primaryimage"},"thumbnailUrl":"https:\/\/www.ediren.com\/wp-content\/uploads\/2021\/10\/oferta-terapeuta-psicomotriz-webOK-2.jpg","datePublished":"2021-10-07T10:57:28+00:00","dateModified":"2022-10-11T09:09:08+00:00","author":{"@id":"https:\/\/www.ediren.com\/eu\/#\/schema\/person\/3611d04167eca3fef669d638c900d126"},"description":"Ediren, Centro de Psicoterapia y Psic\u00f3logos, especialistas en rehabilitaci\u00f3n y en psicolog\u00eda. Terapeuta psikomotorra behar dugu","breadcrumb":{"@id":"https:\/\/www.ediren.com\/eu\/berriak\/terapeuta-psikomotorra-behar-dugu\/#breadcrumb"},"inLanguage":"eu-ES","potentialAction":[{"@type":"ReadAction","target":["https:\/\/www.ediren.com\/eu\/berriak\/terapeuta-psikomotorra-behar-dugu\/"]}]},{"@type":"ImageObject","inLanguage":"eu-ES","@id":"https:\/\/www.ediren.com\/eu\/berriak\/terapeuta-psikomotorra-behar-dugu\/#primaryimage","url":"https:\/\/www.ediren.com\/wp-content\/uploads\/2021\/10\/oferta-terapeuta-psicomotriz-webOK-2.jpg","contentUrl":"https:\/\/www.ediren.com\/wp-content\/uploads\/2021\/10\/oferta-terapeuta-psicomotriz-webOK-2.jpg","width":800,"height":419,"caption":"ediren necesita incorporar una persona titulada en Psicolog\u00eda y Terapia Psicomotriz"},{"@type":"BreadcrumbList","@id":"https:\/\/www.ediren.com\/eu\/berriak\/terapeuta-psikomotorra-behar-dugu\/#breadcrumb","itemListElement":[{"@type":"ListItem","position":1,"name":"Portada","item":"https:\/\/www.ediren.com\/eu\/hasiera\/"},{"@type":"ListItem","position":2,"name":"Terapeuta psikomotorra behar dugu"}]},{"@type":"WebSite","@id":"https:\/\/www.ediren.com\/eu\/#website","url":"https:\/\/www.ediren.com\/eu\/","name":"Ediren","description":"Cooperativa de Salud","potentialAction":[{"@type":"SearchAction","target":{"@type":"EntryPoint","urlTemplate":"https:\/\/www.ediren.com\/eu\/?s={search_term_string}"},"query-input":{"@type":"PropertyValueSpecification","valueRequired":true,"valueName":"search_term_string"}}],"inLanguage":"eu-ES"},{"@type":"Person","@id":"https:\/\/www.ediren.com\/eu\/#\/schema\/person\/3611d04167eca3fef669d638c900d126","name":"ediren","image":{"@type":"ImageObject","inLanguage":"eu-ES","@id":"https:\/\/secure.gravatar.com\/avatar\/f8d44f1152fb94c746ebb6a040cb31fdde0a786d91c7dace04683d793e9ba10c?s=96&d=mm&r=g","url":"https:\/\/secure.gravatar.com\/avatar\/f8d44f1152fb94c746ebb6a040cb31fdde0a786d91c7dace04683d793e9ba10c?s=96&d=mm&r=g","contentUrl":"https:\/\/secure.gravatar.com\/avatar\/f8d44f1152fb94c746ebb6a040cb31fdde0a786d91c7dace04683d793e9ba10c?s=96&d=mm&r=g","caption":"ediren"},"url":"https:\/\/www.ediren.com\/eu\/perfil\/centro-ediren\/"}]}},"_links":{"self":[{"href":"https:\/\/www.ediren.com\/eu\/wp-json\/wp\/v2\/posts\/10077","targetHints":{"allow":["GET"]}}],"collection":[{"href":"https:\/\/www.ediren.com\/eu\/wp-json\/wp\/v2\/posts"}],"about":[{"href":"https:\/\/www.ediren.com\/eu\/wp-json\/wp\/v2\/types\/post"}],"author":[{"embeddable":true,"href":"https:\/\/www.ediren.com\/eu\/wp-json\/wp\/v2\/users\/3"}],"replies":[{"embeddable":true,"href":"https:\/\/www.ediren.com\/eu\/wp-json\/wp\/v2\/comments?post=10077"}],"version-history":[{"count":1,"href":"https:\/\/www.ediren.com\/eu\/wp-json\/wp\/v2\/posts\/10077\/revisions"}],"predecessor-version":[{"id":13763,"href":"https:\/\/www.ediren.com\/eu\/wp-json\/wp\/v2\/posts\/10077\/revisions\/13763"}],"wp:featuredmedia":[{"embeddable":true,"href":"https:\/\/www.ediren.com\/eu\/wp-json\/wp\/v2\/media\/10090"}],"wp:attachment":[{"href":"https:\/\/www.ediren.com\/eu\/wp-json\/wp\/v2\/media?parent=10077"}],"wp:term":[{"taxonomy":"category","embeddable":true,"href":"https:\/\/www.ediren.com\/eu\/wp-json\/wp\/v2\/categories?post=10077"},{"taxonomy":"post_tag","embeddable":true,"href":"https:\/\/www.ediren.com\/eu\/wp-json\/wp\/v2\/tags?post=10077"}],"curies":[{"name":"wp","href":"https:\/\/api.w.org\/{rel}","templated":true}]}}