{"id":10106,"date":"2021-10-08T12:20:43","date_gmt":"2021-10-08T10:20:43","guid":{"rendered":"https:\/\/www.ediren.com\/?p=10106"},"modified":"2021-12-28T21:36:34","modified_gmt":"2021-12-28T20:36:34","slug":"osasun-mentalaren-alde-lanean","status":"publish","type":"post","link":"https:\/\/www.ediren.com\/eu\/uncategorized-eu\/osasun-mentalaren-alde-lanean\/","title":{"rendered":"Osasun mentalaren alde lanean"},"content":{"rendered":"<p>Datorren igandean, urriak 10, Osasun Mentalaren Nazioarteko Eguna ospatuko da. Edirenetik, orain inoiz baino gehiago, gure profesional taldeak lanean jarraituko du helduen, gazteen, nerabeen eta haurren osasun mentalaren alde.<\/p>\n<div class=\"row\">\n<div class=\"col-md-12 col-xs-12\">Azken aldian, gure kooperatibak nabarmen egin du gora beren egunerokotasuna emozionalki kudeatzeko laguntza profesionala bilatzen duten pertsonen kopuruak. Izan ere, orain inoiz baino gehiago, urte eta erdiko pandemiaren ondoren, herritarrak, oro har, inoiz bizi izan ez duten egoera horrek jo ditu.<\/div>\n<div>\n<div class=\"row\">\n<h2 class=\"col-md-12 col-xs-12\">Aztarna handia Osasun Mentalean<\/h2>\n<p>Zauri emozionalak, Covid-ak gure bizitzetan utzi duen arrastoa handia izan da neurri handi batean. Adinekoek unerik txarrenak bizi izan dituzte gehien maite zituztenak besarkatu ezinik; horietako askok bakardadeaz eta tristuraz hitz egiten dute. Gazte batzuek ikusi dute beren bizi-proiektua, etorkizun hurbila, emantzipazioa, bikotekide- edo lan-proiektua eten egin dela zirkunstantziek eraginda. Familiek, oro har, aldi horretan hazkuntzarekin eta lanarekin batera bizi behar izan dute, edo, kasurik txarrenean, konpondu gabeko dueluekin. Osasun arloko profesionalak eta estresatutako beste esparru askotakoak, gainezka. Oro har, mundu guztia ukitu du modu batera edo bestera.<\/p>\n<div class=\"row\">\n<div class=\"col-md-12 col-xs-12\">Antsietatea, depresioa, eta abar gero eta pertsona gehiago kolpatzen dituzten arazoak dira, eta tratatu egin behar dira. Nerabeak kaltetzen ez dituzten arazoak. Izan ere, <a href=\"https:\/\/www.elperiodico.com\/es\/sociedad\/20211005\/adolescente-problemas-salud-mental-12151376\" target=\"_blank\" rel=\"noopener\">Unicefen<\/a> urteko txosten baten arabera, munduko 10 eta 19 urte bitarteko zazpi nerabetik batek diagnostikatutako osasun mentaleko arazoak ditu, eta ia 46.000 nerabek bere buruaz beste egiten dute urtero.<\/div>\n<\/div>\n<div>\n<div class=\"row\">\n<h2 class=\"col-md-12 col-xs-12\">Ediren konprometitua osasun mentalarekin<\/h2>\n<p>Orain inoiz baino gehiago, Ediren konprometituta dago gizartearekin eta pertsonekin. Irmotasun eta zorroztasun profesional osoz lan egiten jarraitu behar dugu, gure proiektu kooperatiboan egunez egun aurrera eramaten gaituen kausagatik: pertsonen Osasun Mentala. Edirenetik zure zailtasun emozional eta psikologikoak gainditzen lagun diezazukegu. Gure taldeak laguntza emango dizu, zure bizitzan kalitatea hobetzeko eta irabazteko tresnak gidatu eta erraztuko dizkizu.<\/p>\n<\/div>\n<\/div>\n<\/div>\n<\/div>\n<\/div>\n","protected":false},"excerpt":{"rendered":"<p>Urriaren 10ean, igandea, Osasun Mentalaren Munduko Eguna ospatzen da. Edenen, Orain inoiz baino gehiago, Osasun Mentalaren alde lanean.<\/p>\n","protected":false},"author":3,"featured_media":10105,"comment_status":"open","ping_status":"closed","sticky":false,"template":"","format":"standard","meta":{"_genesis_hide_title":false,"_genesis_hide_breadcrumbs":false,"_genesis_hide_singular_image":false,"_genesis_hide_footer_widgets":false,"_genesis_custom_body_class":"","_genesis_custom_post_class":"","_genesis_layout":"","footnotes":""},"categories":[38],"tags":[],"class_list":{"0":"post-10106","1":"post","2":"type-post","3":"status-publish","4":"format-standard","5":"has-post-thumbnail","7":"category-uncategorized-eu","8":"entry"},"yoast_head":"<!-- This site is optimized with the Yoast SEO plugin v27.4 - https:\/\/yoast.com\/product\/yoast-seo-wordpress\/ -->\n<title>Osasun mentalaren alde lanean - Centro de Psicoterapia y Fisioterapia<\/title>\n<meta name=\"description\" content=\"Ediren, Centro de Psicoterapia y Psic\u00f3logos, especialistas en rehabilitaci\u00f3n y en psicolog\u00eda. Osasun mentalaren alde lanean\" \/>\n<meta name=\"robots\" content=\"index, follow, max-snippet:-1, max-image-preview:large, max-video-preview:-1\" \/>\n<link rel=\"canonical\" href=\"https:\/\/www.ediren.com\/eu\/uncategorized-eu\/osasun-mentalaren-alde-lanean\/\" \/>\n<meta property=\"og:locale\" content=\"eu_ES\" \/>\n<meta property=\"og:type\" content=\"article\" \/>\n<meta property=\"og:title\" content=\"Osasun mentalaren alde lanean - Centro de Psicoterapia y Fisioterapia\" \/>\n<meta property=\"og:description\" content=\"Ediren, Centro de Psicoterapia y Psic\u00f3logos, especialistas en rehabilitaci\u00f3n y en psicolog\u00eda. Osasun mentalaren alde lanean\" \/>\n<meta property=\"og:url\" content=\"https:\/\/www.ediren.com\/eu\/uncategorized-eu\/osasun-mentalaren-alde-lanean\/\" \/>\n<meta property=\"og:site_name\" content=\"Ediren\" \/>\n<meta property=\"article:publisher\" content=\"https:\/\/www.facebook.com\/pages\/Ediren-SALUD\/298201266858043\" \/>\n<meta property=\"article:published_time\" content=\"2021-10-08T10:20:43+00:00\" \/>\n<meta property=\"article:modified_time\" content=\"2021-12-28T20:36:34+00:00\" \/>\n<meta property=\"og:image\" content=\"https:\/\/www.ediren.com\/wp-content\/uploads\/2021\/10\/Salud-Mental.jpg\" \/>\n\t<meta property=\"og:image:width\" content=\"800\" \/>\n\t<meta property=\"og:image:height\" content=\"706\" \/>\n\t<meta property=\"og:image:type\" content=\"image\/jpeg\" \/>\n<meta name=\"author\" content=\"ediren\" \/>\n<meta name=\"twitter:card\" content=\"summary_large_image\" \/>\n<meta name=\"twitter:creator\" content=\"@edirensalud\" \/>\n<meta name=\"twitter:site\" content=\"@edirensalud\" \/>\n<meta name=\"twitter:label1\" content=\"Written by\" \/>\n\t<meta name=\"twitter:data1\" content=\"ediren\" \/>\n\t<meta name=\"twitter:label2\" content=\"Est. reading time\" \/>\n\t<meta name=\"twitter:data2\" content=\"1 minute\" \/>\n<script type=\"application\/ld+json\" class=\"yoast-schema-graph\">{\"@context\":\"https:\\\/\\\/schema.org\",\"@graph\":[{\"@type\":[\"Article\",\"BlogPosting\"],\"@id\":\"https:\\\/\\\/www.ediren.com\\\/eu\\\/uncategorized-eu\\\/osasun-mentalaren-alde-lanean\\\/#article\",\"isPartOf\":{\"@id\":\"https:\\\/\\\/www.ediren.com\\\/eu\\\/uncategorized-eu\\\/osasun-mentalaren-alde-lanean\\\/\"},\"author\":{\"name\":\"ediren\",\"@id\":\"https:\\\/\\\/www.ediren.com\\\/eu\\\/#\\\/schema\\\/person\\\/3611d04167eca3fef669d638c900d126\"},\"headline\":\"Osasun mentalaren alde lanean\",\"datePublished\":\"2021-10-08T10:20:43+00:00\",\"dateModified\":\"2021-12-28T20:36:34+00:00\",\"mainEntityOfPage\":{\"@id\":\"https:\\\/\\\/www.ediren.com\\\/eu\\\/uncategorized-eu\\\/osasun-mentalaren-alde-lanean\\\/\"},\"wordCount\":276,\"commentCount\":0,\"image\":{\"@id\":\"https:\\\/\\\/www.ediren.com\\\/eu\\\/uncategorized-eu\\\/osasun-mentalaren-alde-lanean\\\/#primaryimage\"},\"thumbnailUrl\":\"https:\\\/\\\/www.ediren.com\\\/wp-content\\\/uploads\\\/2021\\\/10\\\/Salud-Mental.jpg\",\"articleSection\":[\"Uncategorized @eu\"],\"inLanguage\":\"eu-ES\",\"potentialAction\":[{\"@type\":\"CommentAction\",\"name\":\"Comment\",\"target\":[\"https:\\\/\\\/www.ediren.com\\\/eu\\\/uncategorized-eu\\\/osasun-mentalaren-alde-lanean\\\/#respond\"]}]},{\"@type\":[\"WebPage\",\"ItemPage\"],\"@id\":\"https:\\\/\\\/www.ediren.com\\\/eu\\\/uncategorized-eu\\\/osasun-mentalaren-alde-lanean\\\/\",\"url\":\"https:\\\/\\\/www.ediren.com\\\/eu\\\/uncategorized-eu\\\/osasun-mentalaren-alde-lanean\\\/\",\"name\":\"Osasun mentalaren alde lanean - Centro de Psicoterapia y Fisioterapia\",\"isPartOf\":{\"@id\":\"https:\\\/\\\/www.ediren.com\\\/eu\\\/#website\"},\"primaryImageOfPage\":{\"@id\":\"https:\\\/\\\/www.ediren.com\\\/eu\\\/uncategorized-eu\\\/osasun-mentalaren-alde-lanean\\\/#primaryimage\"},\"image\":{\"@id\":\"https:\\\/\\\/www.ediren.com\\\/eu\\\/uncategorized-eu\\\/osasun-mentalaren-alde-lanean\\\/#primaryimage\"},\"thumbnailUrl\":\"https:\\\/\\\/www.ediren.com\\\/wp-content\\\/uploads\\\/2021\\\/10\\\/Salud-Mental.jpg\",\"datePublished\":\"2021-10-08T10:20:43+00:00\",\"dateModified\":\"2021-12-28T20:36:34+00:00\",\"author\":{\"@id\":\"https:\\\/\\\/www.ediren.com\\\/eu\\\/#\\\/schema\\\/person\\\/3611d04167eca3fef669d638c900d126\"},\"description\":\"Ediren, Centro de Psicoterapia y Psic\u00f3logos, especialistas en rehabilitaci\u00f3n y en psicolog\u00eda. Osasun mentalaren alde lanean\",\"breadcrumb\":{\"@id\":\"https:\\\/\\\/www.ediren.com\\\/eu\\\/uncategorized-eu\\\/osasun-mentalaren-alde-lanean\\\/#breadcrumb\"},\"inLanguage\":\"eu-ES\",\"potentialAction\":[{\"@type\":\"ReadAction\",\"target\":[\"https:\\\/\\\/www.ediren.com\\\/eu\\\/uncategorized-eu\\\/osasun-mentalaren-alde-lanean\\\/\"]}]},{\"@type\":\"ImageObject\",\"inLanguage\":\"eu-ES\",\"@id\":\"https:\\\/\\\/www.ediren.com\\\/eu\\\/uncategorized-eu\\\/osasun-mentalaren-alde-lanean\\\/#primaryimage\",\"url\":\"https:\\\/\\\/www.ediren.com\\\/wp-content\\\/uploads\\\/2021\\\/10\\\/Salud-Mental.jpg\",\"contentUrl\":\"https:\\\/\\\/www.ediren.com\\\/wp-content\\\/uploads\\\/2021\\\/10\\\/Salud-Mental.jpg\",\"width\":800,\"height\":706,\"caption\":\"El 10 de octubre se celebra el D\u00eda Mundial de la Salud Mental. Ediren trabajando por la Salud Mental\"},{\"@type\":\"BreadcrumbList\",\"@id\":\"https:\\\/\\\/www.ediren.com\\\/eu\\\/uncategorized-eu\\\/osasun-mentalaren-alde-lanean\\\/#breadcrumb\",\"itemListElement\":[{\"@type\":\"ListItem\",\"position\":1,\"name\":\"Portada\",\"item\":\"https:\\\/\\\/www.ediren.com\\\/eu\\\/hasiera\\\/\"},{\"@type\":\"ListItem\",\"position\":2,\"name\":\"Osasun mentalaren alde lanean\"}]},{\"@type\":\"WebSite\",\"@id\":\"https:\\\/\\\/www.ediren.com\\\/eu\\\/#website\",\"url\":\"https:\\\/\\\/www.ediren.com\\\/eu\\\/\",\"name\":\"Ediren\",\"description\":\"Cooperativa de Salud\",\"potentialAction\":[{\"@type\":\"SearchAction\",\"target\":{\"@type\":\"EntryPoint\",\"urlTemplate\":\"https:\\\/\\\/www.ediren.com\\\/eu\\\/?s={search_term_string}\"},\"query-input\":{\"@type\":\"PropertyValueSpecification\",\"valueRequired\":true,\"valueName\":\"search_term_string\"}}],\"inLanguage\":\"eu-ES\"},{\"@type\":\"Person\",\"@id\":\"https:\\\/\\\/www.ediren.com\\\/eu\\\/#\\\/schema\\\/person\\\/3611d04167eca3fef669d638c900d126\",\"name\":\"ediren\",\"image\":{\"@type\":\"ImageObject\",\"inLanguage\":\"eu-ES\",\"@id\":\"https:\\\/\\\/secure.gravatar.com\\\/avatar\\\/f8d44f1152fb94c746ebb6a040cb31fdde0a786d91c7dace04683d793e9ba10c?s=96&d=mm&r=g\",\"url\":\"https:\\\/\\\/secure.gravatar.com\\\/avatar\\\/f8d44f1152fb94c746ebb6a040cb31fdde0a786d91c7dace04683d793e9ba10c?s=96&d=mm&r=g\",\"contentUrl\":\"https:\\\/\\\/secure.gravatar.com\\\/avatar\\\/f8d44f1152fb94c746ebb6a040cb31fdde0a786d91c7dace04683d793e9ba10c?s=96&d=mm&r=g\",\"caption\":\"ediren\"},\"url\":\"https:\\\/\\\/www.ediren.com\\\/eu\\\/perfil\\\/centro-ediren\\\/\"}]}<\/script>\n<!-- \/ Yoast SEO plugin. -->","yoast_head_json":{"title":"Osasun mentalaren alde lanean - Centro de Psicoterapia y Fisioterapia","description":"Ediren, Centro de Psicoterapia y Psic\u00f3logos, especialistas en rehabilitaci\u00f3n y en psicolog\u00eda. Osasun mentalaren alde lanean","robots":{"index":"index","follow":"follow","max-snippet":"max-snippet:-1","max-image-preview":"max-image-preview:large","max-video-preview":"max-video-preview:-1"},"canonical":"https:\/\/www.ediren.com\/eu\/uncategorized-eu\/osasun-mentalaren-alde-lanean\/","og_locale":"eu_ES","og_type":"article","og_title":"Osasun mentalaren alde lanean - Centro de Psicoterapia y Fisioterapia","og_description":"Ediren, Centro de Psicoterapia y Psic\u00f3logos, especialistas en rehabilitaci\u00f3n y en psicolog\u00eda. Osasun mentalaren alde lanean","og_url":"https:\/\/www.ediren.com\/eu\/uncategorized-eu\/osasun-mentalaren-alde-lanean\/","og_site_name":"Ediren","article_publisher":"https:\/\/www.facebook.com\/pages\/Ediren-SALUD\/298201266858043","article_published_time":"2021-10-08T10:20:43+00:00","article_modified_time":"2021-12-28T20:36:34+00:00","og_image":[{"width":800,"height":706,"url":"https:\/\/www.ediren.com\/wp-content\/uploads\/2021\/10\/Salud-Mental.jpg","type":"image\/jpeg"}],"author":"ediren","twitter_card":"summary_large_image","twitter_creator":"@edirensalud","twitter_site":"@edirensalud","twitter_misc":{"Written by":"ediren","Est. reading time":"1 minute"},"schema":{"@context":"https:\/\/schema.org","@graph":[{"@type":["Article","BlogPosting"],"@id":"https:\/\/www.ediren.com\/eu\/uncategorized-eu\/osasun-mentalaren-alde-lanean\/#article","isPartOf":{"@id":"https:\/\/www.ediren.com\/eu\/uncategorized-eu\/osasun-mentalaren-alde-lanean\/"},"author":{"name":"ediren","@id":"https:\/\/www.ediren.com\/eu\/#\/schema\/person\/3611d04167eca3fef669d638c900d126"},"headline":"Osasun mentalaren alde lanean","datePublished":"2021-10-08T10:20:43+00:00","dateModified":"2021-12-28T20:36:34+00:00","mainEntityOfPage":{"@id":"https:\/\/www.ediren.com\/eu\/uncategorized-eu\/osasun-mentalaren-alde-lanean\/"},"wordCount":276,"commentCount":0,"image":{"@id":"https:\/\/www.ediren.com\/eu\/uncategorized-eu\/osasun-mentalaren-alde-lanean\/#primaryimage"},"thumbnailUrl":"https:\/\/www.ediren.com\/wp-content\/uploads\/2021\/10\/Salud-Mental.jpg","articleSection":["Uncategorized @eu"],"inLanguage":"eu-ES","potentialAction":[{"@type":"CommentAction","name":"Comment","target":["https:\/\/www.ediren.com\/eu\/uncategorized-eu\/osasun-mentalaren-alde-lanean\/#respond"]}]},{"@type":["WebPage","ItemPage"],"@id":"https:\/\/www.ediren.com\/eu\/uncategorized-eu\/osasun-mentalaren-alde-lanean\/","url":"https:\/\/www.ediren.com\/eu\/uncategorized-eu\/osasun-mentalaren-alde-lanean\/","name":"Osasun mentalaren alde lanean - Centro de Psicoterapia y Fisioterapia","isPartOf":{"@id":"https:\/\/www.ediren.com\/eu\/#website"},"primaryImageOfPage":{"@id":"https:\/\/www.ediren.com\/eu\/uncategorized-eu\/osasun-mentalaren-alde-lanean\/#primaryimage"},"image":{"@id":"https:\/\/www.ediren.com\/eu\/uncategorized-eu\/osasun-mentalaren-alde-lanean\/#primaryimage"},"thumbnailUrl":"https:\/\/www.ediren.com\/wp-content\/uploads\/2021\/10\/Salud-Mental.jpg","datePublished":"2021-10-08T10:20:43+00:00","dateModified":"2021-12-28T20:36:34+00:00","author":{"@id":"https:\/\/www.ediren.com\/eu\/#\/schema\/person\/3611d04167eca3fef669d638c900d126"},"description":"Ediren, Centro de Psicoterapia y Psic\u00f3logos, especialistas en rehabilitaci\u00f3n y en psicolog\u00eda. Osasun mentalaren alde lanean","breadcrumb":{"@id":"https:\/\/www.ediren.com\/eu\/uncategorized-eu\/osasun-mentalaren-alde-lanean\/#breadcrumb"},"inLanguage":"eu-ES","potentialAction":[{"@type":"ReadAction","target":["https:\/\/www.ediren.com\/eu\/uncategorized-eu\/osasun-mentalaren-alde-lanean\/"]}]},{"@type":"ImageObject","inLanguage":"eu-ES","@id":"https:\/\/www.ediren.com\/eu\/uncategorized-eu\/osasun-mentalaren-alde-lanean\/#primaryimage","url":"https:\/\/www.ediren.com\/wp-content\/uploads\/2021\/10\/Salud-Mental.jpg","contentUrl":"https:\/\/www.ediren.com\/wp-content\/uploads\/2021\/10\/Salud-Mental.jpg","width":800,"height":706,"caption":"El 10 de octubre se celebra el D\u00eda Mundial de la Salud Mental. Ediren trabajando por la Salud Mental"},{"@type":"BreadcrumbList","@id":"https:\/\/www.ediren.com\/eu\/uncategorized-eu\/osasun-mentalaren-alde-lanean\/#breadcrumb","itemListElement":[{"@type":"ListItem","position":1,"name":"Portada","item":"https:\/\/www.ediren.com\/eu\/hasiera\/"},{"@type":"ListItem","position":2,"name":"Osasun mentalaren alde lanean"}]},{"@type":"WebSite","@id":"https:\/\/www.ediren.com\/eu\/#website","url":"https:\/\/www.ediren.com\/eu\/","name":"Ediren","description":"Cooperativa de Salud","potentialAction":[{"@type":"SearchAction","target":{"@type":"EntryPoint","urlTemplate":"https:\/\/www.ediren.com\/eu\/?s={search_term_string}"},"query-input":{"@type":"PropertyValueSpecification","valueRequired":true,"valueName":"search_term_string"}}],"inLanguage":"eu-ES"},{"@type":"Person","@id":"https:\/\/www.ediren.com\/eu\/#\/schema\/person\/3611d04167eca3fef669d638c900d126","name":"ediren","image":{"@type":"ImageObject","inLanguage":"eu-ES","@id":"https:\/\/secure.gravatar.com\/avatar\/f8d44f1152fb94c746ebb6a040cb31fdde0a786d91c7dace04683d793e9ba10c?s=96&d=mm&r=g","url":"https:\/\/secure.gravatar.com\/avatar\/f8d44f1152fb94c746ebb6a040cb31fdde0a786d91c7dace04683d793e9ba10c?s=96&d=mm&r=g","contentUrl":"https:\/\/secure.gravatar.com\/avatar\/f8d44f1152fb94c746ebb6a040cb31fdde0a786d91c7dace04683d793e9ba10c?s=96&d=mm&r=g","caption":"ediren"},"url":"https:\/\/www.ediren.com\/eu\/perfil\/centro-ediren\/"}]}},"_links":{"self":[{"href":"https:\/\/www.ediren.com\/eu\/wp-json\/wp\/v2\/posts\/10106","targetHints":{"allow":["GET"]}}],"collection":[{"href":"https:\/\/www.ediren.com\/eu\/wp-json\/wp\/v2\/posts"}],"about":[{"href":"https:\/\/www.ediren.com\/eu\/wp-json\/wp\/v2\/types\/post"}],"author":[{"embeddable":true,"href":"https:\/\/www.ediren.com\/eu\/wp-json\/wp\/v2\/users\/3"}],"replies":[{"embeddable":true,"href":"https:\/\/www.ediren.com\/eu\/wp-json\/wp\/v2\/comments?post=10106"}],"version-history":[{"count":0,"href":"https:\/\/www.ediren.com\/eu\/wp-json\/wp\/v2\/posts\/10106\/revisions"}],"wp:featuredmedia":[{"embeddable":true,"href":"https:\/\/www.ediren.com\/eu\/wp-json\/wp\/v2\/media\/10105"}],"wp:attachment":[{"href":"https:\/\/www.ediren.com\/eu\/wp-json\/wp\/v2\/media?parent=10106"}],"wp:term":[{"taxonomy":"category","embeddable":true,"href":"https:\/\/www.ediren.com\/eu\/wp-json\/wp\/v2\/categories?post=10106"},{"taxonomy":"post_tag","embeddable":true,"href":"https:\/\/www.ediren.com\/eu\/wp-json\/wp\/v2\/tags?post=10106"}],"curies":[{"name":"wp","href":"https:\/\/api.w.org\/{rel}","templated":true}]}}