{"id":14234,"date":"2022-11-21T14:18:08","date_gmt":"2022-11-21T13:18:08","guid":{"rendered":"https:\/\/www.ediren.com\/?p=14234"},"modified":"2022-12-20T13:44:51","modified_gmt":"2022-12-20T12:44:51","slug":"euskaraldia","status":"publish","type":"post","link":"https:\/\/www.ediren.com\/eu\/berriak\/euskaraldia\/","title":{"rendered":"EUSKARALDIA"},"content":{"rendered":"<p>Ediren kooperatiba sortu zenean, euskaraz genekienak oso gutxi ginen, eta horietatik euskaraz lan egiten genuenak, are gutxiago.<br \/>\nUrte batzuk pasa dira ordutik eta hizkuntza paisaia asko aldatu da, talde gaztea gara eta euskara entzuten eta hitz egiten da Edirenen lankideen artean. Eta honekin batera zorionez, psikoterapia zerbitzua euskaraz eskeini dezakegu.<br \/>\nPsikoterapia prozesu batean hasten diren pertsonen artean, badaude gutxi batzuk euskaraz hobeto moldatzen direnak eta prozesu terapeutikoa euskaraz egitea eskatzen dutenak. Oso gutxi badira ere, kopurua hazten doala esango nuke, poliki poliki, tantaz tanta.<br \/>\nEmozioak sentitzen, sentitzen duguna onartzen eta hauek gure buruari lehenesten ez gara oso trebeak izaten, ohitura falta agian!!<br \/>\nEsfortsu handia eta erabaki ausarta izaten da terapia prozesu bat hastea eta prozesu horretan terapeuta bidelagun izango dugu. Horregatik oso garrantsitzua izango da prozesu terapeutikoa eroso sentitzen garen hizkuntzan egin ahal izatea, normalean ama hizkuntza izaten delarik, baina ez beti, eta ez Gasteiz batean oraindik behintzat.<br \/>\nEdirenera badatoz beraien ama hizkuntza euskara izanik psikoterapia euskaraz egiten dutenak eta badaude ere, euskara ama hizkuntza ez izanik, euskaraz bizitzeko hautua hartzen dutenak ere.<br \/>\nTerapia prozesuak euskalduntzea ez da lan makala, egia esan, ez da lekurik errezena (egokiena ere ez) lehenengo hitza euskaraz egitearen konpromezua hartzeko. Terapia prozesu batean gure barrena hustuko dugu, negar egingo dugu, haserretuko gara, barre ere egingo dugu zenbaitetan\u2026 Askotan ikusten dugu holakoetan, garai bateko adierazpenak azaltzen direla (txikitakoak, gazteetakoak\u2026 ) ta hala da, emozioek ez dute denboraz ezta lekuetaz ulertzen, bizirik daude eta hor daude, besterik ez, norberak hauen zentzua aurkitu ditzan.<br \/>\nEgia esan, hizkuntza biak erabiltzen ditugu maiz; saioaren arabera, momentuaren arabera, pertsonaren arabera. Gertatu izan da, euskarazko psikoterapian, zenbaitetan gaztelainara pasatu izana, baina gertatu izan zaigu ere alderantzizkoa, erderaz aritu ta bapatean euskarara pasatzea. Eta horrek euskara bizirik dagoelaren seinale da, horrek emozionatu egiten gaitu.<br \/>\nHau guztia duela urte batzuk ezinezkoa zela esago genuke. Tantaz tanta, itsaso bihurtzen bagoaz, <em>sorioneku<\/em>ak gu.<\/p>\n<p style=\"text-align: right;\">Haizea Marijuan, psikologoa<\/p>\n","protected":false},"excerpt":{"rendered":"<p>Edirenen gero eta apustu handiagoa egiten dugu psikologia eta fisioterapian euskara erabiltzearen alde.<\/p>\n","protected":false},"author":3,"featured_media":14229,"comment_status":"open","ping_status":"closed","sticky":false,"template":"","format":"standard","meta":{"_genesis_hide_title":false,"_genesis_hide_breadcrumbs":false,"_genesis_hide_singular_image":false,"_genesis_hide_footer_widgets":false,"_genesis_custom_body_class":"","_genesis_custom_post_class":"","_genesis_layout":"","footnotes":""},"categories":[45],"tags":[],"class_list":{"0":"post-14234","1":"post","2":"type-post","3":"status-publish","4":"format-standard","5":"has-post-thumbnail","7":"category-berriak","8":"entry"},"yoast_head":"<!-- This site is optimized with the Yoast SEO plugin v27.4 - https:\/\/yoast.com\/product\/yoast-seo-wordpress\/ -->\n<title>EUSKARALDIA - Ediren zentroa<\/title>\n<meta name=\"description\" content=\"Ediren, Centro de Psicoterapia y Psic\u00f3logos, especialistas en rehabilitaci\u00f3n y en psicolog\u00eda. EUSKARALDIA\" \/>\n<meta name=\"robots\" content=\"index, follow, max-snippet:-1, max-image-preview:large, max-video-preview:-1\" \/>\n<link rel=\"canonical\" href=\"https:\/\/www.ediren.com\/eu\/berriak\/euskaraldia\/\" \/>\n<meta property=\"og:locale\" content=\"eu_ES\" \/>\n<meta property=\"og:type\" content=\"article\" \/>\n<meta property=\"og:title\" content=\"EUSKARALDIA - Ediren zentroa\" \/>\n<meta property=\"og:description\" content=\"Ediren, Centro de Psicoterapia y Psic\u00f3logos, especialistas en rehabilitaci\u00f3n y en psicolog\u00eda. EUSKARALDIA\" \/>\n<meta property=\"og:url\" content=\"https:\/\/www.ediren.com\/eu\/berriak\/euskaraldia\/\" \/>\n<meta property=\"og:site_name\" content=\"Ediren\" \/>\n<meta property=\"article:publisher\" content=\"https:\/\/www.facebook.com\/pages\/Ediren-SALUD\/298201266858043\" \/>\n<meta property=\"article:published_time\" content=\"2022-11-21T13:18:08+00:00\" \/>\n<meta property=\"article:modified_time\" content=\"2022-12-20T12:44:51+00:00\" \/>\n<meta property=\"og:image\" content=\"https:\/\/www.ediren.com\/wp-content\/uploads\/2022\/11\/Euskaraldia-peq.jpg\" \/>\n\t<meta property=\"og:image:width\" content=\"800\" \/>\n\t<meta property=\"og:image:height\" content=\"450\" \/>\n\t<meta property=\"og:image:type\" content=\"image\/jpeg\" \/>\n<meta name=\"author\" content=\"ediren\" \/>\n<meta name=\"twitter:card\" content=\"summary_large_image\" \/>\n<meta name=\"twitter:creator\" content=\"@edirensalud\" \/>\n<meta name=\"twitter:site\" content=\"@edirensalud\" \/>\n<meta name=\"twitter:label1\" content=\"Written by\" \/>\n\t<meta name=\"twitter:data1\" content=\"ediren\" \/>\n\t<meta name=\"twitter:label2\" content=\"Est. reading time\" \/>\n\t<meta name=\"twitter:data2\" content=\"2 minutes\" \/>\n<script type=\"application\/ld+json\" class=\"yoast-schema-graph\">{\"@context\":\"https:\\\/\\\/schema.org\",\"@graph\":[{\"@type\":[\"Article\",\"BlogPosting\"],\"@id\":\"https:\\\/\\\/www.ediren.com\\\/eu\\\/berriak\\\/euskaraldia\\\/#article\",\"isPartOf\":{\"@id\":\"https:\\\/\\\/www.ediren.com\\\/eu\\\/berriak\\\/euskaraldia\\\/\"},\"author\":{\"name\":\"ediren\",\"@id\":\"https:\\\/\\\/www.ediren.com\\\/eu\\\/#\\\/schema\\\/person\\\/3611d04167eca3fef669d638c900d126\"},\"headline\":\"EUSKARALDIA\",\"datePublished\":\"2022-11-21T13:18:08+00:00\",\"dateModified\":\"2022-12-20T12:44:51+00:00\",\"mainEntityOfPage\":{\"@id\":\"https:\\\/\\\/www.ediren.com\\\/eu\\\/berriak\\\/euskaraldia\\\/\"},\"wordCount\":310,\"commentCount\":0,\"image\":{\"@id\":\"https:\\\/\\\/www.ediren.com\\\/eu\\\/berriak\\\/euskaraldia\\\/#primaryimage\"},\"thumbnailUrl\":\"https:\\\/\\\/www.ediren.com\\\/wp-content\\\/uploads\\\/2022\\\/11\\\/Euskaraldia-peq.jpg\",\"articleSection\":[\"Berriak\"],\"inLanguage\":\"eu-ES\",\"potentialAction\":[{\"@type\":\"CommentAction\",\"name\":\"Comment\",\"target\":[\"https:\\\/\\\/www.ediren.com\\\/eu\\\/berriak\\\/euskaraldia\\\/#respond\"]}]},{\"@type\":[\"WebPage\",\"ItemPage\"],\"@id\":\"https:\\\/\\\/www.ediren.com\\\/eu\\\/berriak\\\/euskaraldia\\\/\",\"url\":\"https:\\\/\\\/www.ediren.com\\\/eu\\\/berriak\\\/euskaraldia\\\/\",\"name\":\"EUSKARALDIA - Ediren zentroa\",\"isPartOf\":{\"@id\":\"https:\\\/\\\/www.ediren.com\\\/eu\\\/#website\"},\"primaryImageOfPage\":{\"@id\":\"https:\\\/\\\/www.ediren.com\\\/eu\\\/berriak\\\/euskaraldia\\\/#primaryimage\"},\"image\":{\"@id\":\"https:\\\/\\\/www.ediren.com\\\/eu\\\/berriak\\\/euskaraldia\\\/#primaryimage\"},\"thumbnailUrl\":\"https:\\\/\\\/www.ediren.com\\\/wp-content\\\/uploads\\\/2022\\\/11\\\/Euskaraldia-peq.jpg\",\"datePublished\":\"2022-11-21T13:18:08+00:00\",\"dateModified\":\"2022-12-20T12:44:51+00:00\",\"author\":{\"@id\":\"https:\\\/\\\/www.ediren.com\\\/eu\\\/#\\\/schema\\\/person\\\/3611d04167eca3fef669d638c900d126\"},\"description\":\"Ediren, Centro de Psicoterapia y Psic\u00f3logos, especialistas en rehabilitaci\u00f3n y en psicolog\u00eda. EUSKARALDIA\",\"breadcrumb\":{\"@id\":\"https:\\\/\\\/www.ediren.com\\\/eu\\\/berriak\\\/euskaraldia\\\/#breadcrumb\"},\"inLanguage\":\"eu-ES\",\"potentialAction\":[{\"@type\":\"ReadAction\",\"target\":[\"https:\\\/\\\/www.ediren.com\\\/eu\\\/berriak\\\/euskaraldia\\\/\"]}]},{\"@type\":\"ImageObject\",\"inLanguage\":\"eu-ES\",\"@id\":\"https:\\\/\\\/www.ediren.com\\\/eu\\\/berriak\\\/euskaraldia\\\/#primaryimage\",\"url\":\"https:\\\/\\\/www.ediren.com\\\/wp-content\\\/uploads\\\/2022\\\/11\\\/Euskaraldia-peq.jpg\",\"contentUrl\":\"https:\\\/\\\/www.ediren.com\\\/wp-content\\\/uploads\\\/2022\\\/11\\\/Euskaraldia-peq.jpg\",\"width\":800,\"height\":450,\"caption\":\"El equipo de Ediren se suma al Euskaraldia\"},{\"@type\":\"BreadcrumbList\",\"@id\":\"https:\\\/\\\/www.ediren.com\\\/eu\\\/berriak\\\/euskaraldia\\\/#breadcrumb\",\"itemListElement\":[{\"@type\":\"ListItem\",\"position\":1,\"name\":\"Portada\",\"item\":\"https:\\\/\\\/www.ediren.com\\\/eu\\\/hasiera\\\/\"},{\"@type\":\"ListItem\",\"position\":2,\"name\":\"EUSKARALDIA\"}]},{\"@type\":\"WebSite\",\"@id\":\"https:\\\/\\\/www.ediren.com\\\/eu\\\/#website\",\"url\":\"https:\\\/\\\/www.ediren.com\\\/eu\\\/\",\"name\":\"Ediren\",\"description\":\"Cooperativa de Salud\",\"potentialAction\":[{\"@type\":\"SearchAction\",\"target\":{\"@type\":\"EntryPoint\",\"urlTemplate\":\"https:\\\/\\\/www.ediren.com\\\/eu\\\/?s={search_term_string}\"},\"query-input\":{\"@type\":\"PropertyValueSpecification\",\"valueRequired\":true,\"valueName\":\"search_term_string\"}}],\"inLanguage\":\"eu-ES\"},{\"@type\":\"Person\",\"@id\":\"https:\\\/\\\/www.ediren.com\\\/eu\\\/#\\\/schema\\\/person\\\/3611d04167eca3fef669d638c900d126\",\"name\":\"ediren\",\"image\":{\"@type\":\"ImageObject\",\"inLanguage\":\"eu-ES\",\"@id\":\"https:\\\/\\\/secure.gravatar.com\\\/avatar\\\/f8d44f1152fb94c746ebb6a040cb31fdde0a786d91c7dace04683d793e9ba10c?s=96&d=mm&r=g\",\"url\":\"https:\\\/\\\/secure.gravatar.com\\\/avatar\\\/f8d44f1152fb94c746ebb6a040cb31fdde0a786d91c7dace04683d793e9ba10c?s=96&d=mm&r=g\",\"contentUrl\":\"https:\\\/\\\/secure.gravatar.com\\\/avatar\\\/f8d44f1152fb94c746ebb6a040cb31fdde0a786d91c7dace04683d793e9ba10c?s=96&d=mm&r=g\",\"caption\":\"ediren\"},\"url\":\"https:\\\/\\\/www.ediren.com\\\/eu\\\/perfil\\\/centro-ediren\\\/\"}]}<\/script>\n<!-- \/ Yoast SEO plugin. -->","yoast_head_json":{"title":"EUSKARALDIA - Ediren zentroa","description":"Ediren, Centro de Psicoterapia y Psic\u00f3logos, especialistas en rehabilitaci\u00f3n y en psicolog\u00eda. EUSKARALDIA","robots":{"index":"index","follow":"follow","max-snippet":"max-snippet:-1","max-image-preview":"max-image-preview:large","max-video-preview":"max-video-preview:-1"},"canonical":"https:\/\/www.ediren.com\/eu\/berriak\/euskaraldia\/","og_locale":"eu_ES","og_type":"article","og_title":"EUSKARALDIA - Ediren zentroa","og_description":"Ediren, Centro de Psicoterapia y Psic\u00f3logos, especialistas en rehabilitaci\u00f3n y en psicolog\u00eda. EUSKARALDIA","og_url":"https:\/\/www.ediren.com\/eu\/berriak\/euskaraldia\/","og_site_name":"Ediren","article_publisher":"https:\/\/www.facebook.com\/pages\/Ediren-SALUD\/298201266858043","article_published_time":"2022-11-21T13:18:08+00:00","article_modified_time":"2022-12-20T12:44:51+00:00","og_image":[{"width":800,"height":450,"url":"https:\/\/www.ediren.com\/wp-content\/uploads\/2022\/11\/Euskaraldia-peq.jpg","type":"image\/jpeg"}],"author":"ediren","twitter_card":"summary_large_image","twitter_creator":"@edirensalud","twitter_site":"@edirensalud","twitter_misc":{"Written by":"ediren","Est. reading time":"2 minutes"},"schema":{"@context":"https:\/\/schema.org","@graph":[{"@type":["Article","BlogPosting"],"@id":"https:\/\/www.ediren.com\/eu\/berriak\/euskaraldia\/#article","isPartOf":{"@id":"https:\/\/www.ediren.com\/eu\/berriak\/euskaraldia\/"},"author":{"name":"ediren","@id":"https:\/\/www.ediren.com\/eu\/#\/schema\/person\/3611d04167eca3fef669d638c900d126"},"headline":"EUSKARALDIA","datePublished":"2022-11-21T13:18:08+00:00","dateModified":"2022-12-20T12:44:51+00:00","mainEntityOfPage":{"@id":"https:\/\/www.ediren.com\/eu\/berriak\/euskaraldia\/"},"wordCount":310,"commentCount":0,"image":{"@id":"https:\/\/www.ediren.com\/eu\/berriak\/euskaraldia\/#primaryimage"},"thumbnailUrl":"https:\/\/www.ediren.com\/wp-content\/uploads\/2022\/11\/Euskaraldia-peq.jpg","articleSection":["Berriak"],"inLanguage":"eu-ES","potentialAction":[{"@type":"CommentAction","name":"Comment","target":["https:\/\/www.ediren.com\/eu\/berriak\/euskaraldia\/#respond"]}]},{"@type":["WebPage","ItemPage"],"@id":"https:\/\/www.ediren.com\/eu\/berriak\/euskaraldia\/","url":"https:\/\/www.ediren.com\/eu\/berriak\/euskaraldia\/","name":"EUSKARALDIA - Ediren zentroa","isPartOf":{"@id":"https:\/\/www.ediren.com\/eu\/#website"},"primaryImageOfPage":{"@id":"https:\/\/www.ediren.com\/eu\/berriak\/euskaraldia\/#primaryimage"},"image":{"@id":"https:\/\/www.ediren.com\/eu\/berriak\/euskaraldia\/#primaryimage"},"thumbnailUrl":"https:\/\/www.ediren.com\/wp-content\/uploads\/2022\/11\/Euskaraldia-peq.jpg","datePublished":"2022-11-21T13:18:08+00:00","dateModified":"2022-12-20T12:44:51+00:00","author":{"@id":"https:\/\/www.ediren.com\/eu\/#\/schema\/person\/3611d04167eca3fef669d638c900d126"},"description":"Ediren, Centro de Psicoterapia y Psic\u00f3logos, especialistas en rehabilitaci\u00f3n y en psicolog\u00eda. EUSKARALDIA","breadcrumb":{"@id":"https:\/\/www.ediren.com\/eu\/berriak\/euskaraldia\/#breadcrumb"},"inLanguage":"eu-ES","potentialAction":[{"@type":"ReadAction","target":["https:\/\/www.ediren.com\/eu\/berriak\/euskaraldia\/"]}]},{"@type":"ImageObject","inLanguage":"eu-ES","@id":"https:\/\/www.ediren.com\/eu\/berriak\/euskaraldia\/#primaryimage","url":"https:\/\/www.ediren.com\/wp-content\/uploads\/2022\/11\/Euskaraldia-peq.jpg","contentUrl":"https:\/\/www.ediren.com\/wp-content\/uploads\/2022\/11\/Euskaraldia-peq.jpg","width":800,"height":450,"caption":"El equipo de Ediren se suma al Euskaraldia"},{"@type":"BreadcrumbList","@id":"https:\/\/www.ediren.com\/eu\/berriak\/euskaraldia\/#breadcrumb","itemListElement":[{"@type":"ListItem","position":1,"name":"Portada","item":"https:\/\/www.ediren.com\/eu\/hasiera\/"},{"@type":"ListItem","position":2,"name":"EUSKARALDIA"}]},{"@type":"WebSite","@id":"https:\/\/www.ediren.com\/eu\/#website","url":"https:\/\/www.ediren.com\/eu\/","name":"Ediren","description":"Cooperativa de Salud","potentialAction":[{"@type":"SearchAction","target":{"@type":"EntryPoint","urlTemplate":"https:\/\/www.ediren.com\/eu\/?s={search_term_string}"},"query-input":{"@type":"PropertyValueSpecification","valueRequired":true,"valueName":"search_term_string"}}],"inLanguage":"eu-ES"},{"@type":"Person","@id":"https:\/\/www.ediren.com\/eu\/#\/schema\/person\/3611d04167eca3fef669d638c900d126","name":"ediren","image":{"@type":"ImageObject","inLanguage":"eu-ES","@id":"https:\/\/secure.gravatar.com\/avatar\/f8d44f1152fb94c746ebb6a040cb31fdde0a786d91c7dace04683d793e9ba10c?s=96&d=mm&r=g","url":"https:\/\/secure.gravatar.com\/avatar\/f8d44f1152fb94c746ebb6a040cb31fdde0a786d91c7dace04683d793e9ba10c?s=96&d=mm&r=g","contentUrl":"https:\/\/secure.gravatar.com\/avatar\/f8d44f1152fb94c746ebb6a040cb31fdde0a786d91c7dace04683d793e9ba10c?s=96&d=mm&r=g","caption":"ediren"},"url":"https:\/\/www.ediren.com\/eu\/perfil\/centro-ediren\/"}]}},"_links":{"self":[{"href":"https:\/\/www.ediren.com\/eu\/wp-json\/wp\/v2\/posts\/14234","targetHints":{"allow":["GET"]}}],"collection":[{"href":"https:\/\/www.ediren.com\/eu\/wp-json\/wp\/v2\/posts"}],"about":[{"href":"https:\/\/www.ediren.com\/eu\/wp-json\/wp\/v2\/types\/post"}],"author":[{"embeddable":true,"href":"https:\/\/www.ediren.com\/eu\/wp-json\/wp\/v2\/users\/3"}],"replies":[{"embeddable":true,"href":"https:\/\/www.ediren.com\/eu\/wp-json\/wp\/v2\/comments?post=14234"}],"version-history":[{"count":3,"href":"https:\/\/www.ediren.com\/eu\/wp-json\/wp\/v2\/posts\/14234\/revisions"}],"predecessor-version":[{"id":14238,"href":"https:\/\/www.ediren.com\/eu\/wp-json\/wp\/v2\/posts\/14234\/revisions\/14238"}],"wp:featuredmedia":[{"embeddable":true,"href":"https:\/\/www.ediren.com\/eu\/wp-json\/wp\/v2\/media\/14229"}],"wp:attachment":[{"href":"https:\/\/www.ediren.com\/eu\/wp-json\/wp\/v2\/media?parent=14234"}],"wp:term":[{"taxonomy":"category","embeddable":true,"href":"https:\/\/www.ediren.com\/eu\/wp-json\/wp\/v2\/categories?post=14234"},{"taxonomy":"post_tag","embeddable":true,"href":"https:\/\/www.ediren.com\/eu\/wp-json\/wp\/v2\/tags?post=14234"}],"curies":[{"name":"wp","href":"https:\/\/api.w.org\/{rel}","templated":true}]}}