{"id":1526,"date":"2011-10-17T09:41:34","date_gmt":"2011-10-17T07:41:34","guid":{"rendered":"https:\/\/www.ediren.com\/sin-categorizar\/inolaz-joaten-ez-ziren-zorabioak\/"},"modified":"2017-09-15T10:40:29","modified_gmt":"2017-09-15T08:40:29","slug":"inolaz-joaten-ez-ziren-zorabioak","status":"publish","type":"post","link":"https:\/\/www.ediren.com\/eu\/uncategorized-eu\/inolaz-joaten-ez-ziren-zorabioak\/","title":{"rendered":"&#8220;Inolaz joaten ez ziren zorabioak&#8221;"},"content":{"rendered":"<p class=\"MsoNormal\" style=\"text-align: justify;\">M\u00aa Carmen 43 urteko emakumea da. Leongo herri baten jaio zen eta 18 eta 13 urteko bi seme ditu. Aldi baterako administrari lana egiten du. Enpresa handi batean ari da, eta askotan aldatzen diote lanpostua. Gasteizen bizi da semeekin eta senarrarekin. Senarra saltzailea da eta, ondorioz, ordu asko ematen ditu etxetik kanpo.<\/p>\n<p class=\"MsoNormal\" style=\"text-align: justify;\">EDIRENgo kontsultara joan baino zortzi hilabete lehenago, udako oporralditik itzulian, astebetez iraun zuten zorabioak izan zituen, baina masaje-saio batzuekin joan zitzaizkion.<\/p>\n<p class=\"MsoNormal\" style=\"text-align: justify;\">Handik hiru hilabetera, ospitaleratutako ama gauez zaintzen zegoela, berriz agertu ziren zorabioak. Orduko horretan biziagoak izan ziren eta, aldi berean, ezegonkortasuna, botagura eta estutasuna sentitu zituen. Eroriko ez dela jakin arren, zorabioek asko zailtzen dute beraren jarduna, nekarazi eta baja hartzera behartu zuten. Autoa gidatzen ohituta egon arren, orain ez du halakorik egiten, erreakzio txarrik izango ote duen beldur. Halere, semeez, senarraz eta etxeaz arduratzen jarraitu du, beti horrela aritu baita, etxekoen laguntzarik ia jaso gabe. Dena txukun eta atonduta, ?ezin hobeto? edukitzea gustatzen zaio.<\/p>\n<p class=\"MsoNormal\" style=\"text-align: justify;\">Etxeko sendagileak, hainbat azterketa egin ondoren, zorabioetarako tratamendua ezarri dio. Hobekuntzarik ez duenez izan, espezialistaz espezialista ibili da: otorrinoa, neurologoa, traumatologoa, errehabilitatzailea. Zerbikaletan hernia txiki bat aurkitu dioten arren, sendagileek ezin izan diote ziurtatu hori denik zorabioen arrazoia. Zorabioek bere horretan jarraitzen dute, nahiz eta hainbat tratamendu jaso (Bach loreak ere erabili ditu); M\u00aa Carmen egunez egun txarrago dago.<\/p>\n<p class=\"MsoNormal\" style=\"text-align: justify;\">Oso larri sentitzen da, egon ezinik. Etxean sartu eta behar-beharrezko erosketak egitera baino ez da kaleratzen. Negar egin nahi du, baina ezin du. Ohean dago gusturen, eta ez du laguntzarik nahi. \u00a0Zera pentsatzen du: ?neuk gobernatzen dut etxean eta ondo egon behar dut!&#8221;. Pentsatzen du etxekoek bere premia izanik, ez diela erantzuten. Geroz eta etsituago dago, eta pentsatzen du inork ez diola lagunduko eta zorabioak betiko izango direla. ?Eta nik neuk sortzen baditut??, bururatzen zaio. Inoiz pentsatu du horrela bizitzekotan, hobe dela ez bizitzea. Ez du inorekin partekatu sentimendu hori, eta erru-sentsazioa eragiten dio.<\/p>\n<p class=\"MsoNormal\" style=\"text-align: justify;\">Tratatzen zuten sendagileei ardura horretaz hitz egiten zienean, baten batek esan ei zion, lasaitzeko, ez larritzeko, zorabioak ez zirela larriak eta etorri ziren bezala joango zirela. Azkenean, etxeko sendagileak antidepresiboak eman zizkion. Denbora baten buruan, senideen aholkuei kasu eginez, EDIRENera etortzea erabaki du.<\/p>\n<p class=\"MsoNormal\" style=\"text-align: justify;\">EDIRENen, psikiatrak ikusi du lehenik, eta depresio handia antzeman dio. M\u00aa Carmenek azaldu du aspalditik hona garai txarra iragaten ari dela. Amari minbizia diagnostikatu ziotenean agertu ziren zorabioak, eta ama handik gutxira hil zen, 82 urte zituela, hilabete eta erdi ospitalean egon ondoren. Harrezkero, arazoak izan ditu neba-arrebekin, herentzia-kontuak direla eta. Aitagin-arreba koloneko minbizitik operatu dute, kolostomia bat dauka eta senarrak denbora asko ematen du berarekin. Duela bi urtetik hona, seme txikiak arazoak ditu eskolan, dislexia diagnostikatu diote eta M\u00aa Carmen bera arduratu da tratamendura eramateaz. M\u00aa Carmen gainezka sentitzen da etxeko lanekin, eta oso etsitua, senarrarengandik eta semeengandik ez duelako ia laguntzarik jasotzen.<\/p>\n<p class=\"MsoNormal\" style=\"text-align: justify;\">Psikiatrak antidepresiboak eta antsiolitikoak eman dizkio, eta horretaz gain, psikoterapia indibidualeko tratamendua, astean behin, taldeko psikologo batekin. Terapia horri esker, urteetatik hona metatu duen tentsio emozionala deskargatu ahal izan du. Bera ere ez zen karga horretaz jabetzen. Tratamendua hasi eta hilabete batera zorabioak arindu egin dira eta maiztasunean asko jaitsi dira. Hiru hilabetera, zorabioak oso noizbehinka baino ez dira agertzen, medikamendua gutxitu egin da, aldartea aldatu eta sendatu egingo den konfiantza berreskuratu du.<\/p>\n<p class=\"MsoNormal\" style=\"text-align: justify;\">Baina M\u00aa Carmenek badaki aurrerantzean, osasuna guztiz berreskuratzeko, lan handia egin beharko duela bizitza berrantolatzen, eta bere buruarekiko ardurari garrantzi handiagoa ematen.<\/p>\n","protected":false},"excerpt":{"rendered":"<p>M\u00aa Carmen 43 urteko emakumea da. Leongo herri baten jaio zen eta 18 eta 13 urteko bi seme ditu. Aldi baterako administrari lana egiten du. Enpresa handi batean ari da, eta askotan aldatzen diote lanpostua. Gasteizen bizi da semeekin eta senarrarekin. Senarra saltzailea da eta, ondorioz, ordu asko ematen ditu etxetik kanpo. EDIRENgo kontsultara joan [&hellip;]<\/p>\n","protected":false},"author":3,"featured_media":1527,"comment_status":"closed","ping_status":"open","sticky":false,"template":"","format":"standard","meta":{"_genesis_hide_title":false,"_genesis_hide_breadcrumbs":false,"_genesis_hide_singular_image":false,"_genesis_hide_footer_widgets":false,"_genesis_custom_body_class":"","_genesis_custom_post_class":"","_genesis_layout":"","footnotes":""},"categories":[38],"tags":[],"class_list":{"0":"post-1526","1":"post","2":"type-post","3":"status-publish","4":"format-standard","5":"has-post-thumbnail","7":"category-uncategorized-eu","8":"entry"},"yoast_head":"<!-- This site is optimized with the Yoast SEO plugin v27.4 - https:\/\/yoast.com\/product\/yoast-seo-wordpress\/ -->\n<title>&quot;Inolaz joaten ez ziren zorabioak&quot; - Centro de Psicoterapia y Fisioterapia<\/title>\n<meta name=\"description\" content=\"Ediren, Centro de Psicoterapia y Psic\u00f3logos, especialistas en rehabilitaci\u00f3n y en psicolog\u00eda. &quot;Inolaz joaten ez ziren zorabioak&quot;\" \/>\n<meta name=\"robots\" content=\"index, follow, max-snippet:-1, max-image-preview:large, max-video-preview:-1\" \/>\n<link rel=\"canonical\" href=\"https:\/\/www.ediren.com\/eu\/uncategorized-eu\/inolaz-joaten-ez-ziren-zorabioak\/\" \/>\n<meta property=\"og:locale\" content=\"eu_ES\" \/>\n<meta property=\"og:type\" content=\"article\" \/>\n<meta property=\"og:title\" content=\"&quot;Inolaz joaten ez ziren zorabioak&quot; - Centro de Psicoterapia y Fisioterapia\" \/>\n<meta property=\"og:description\" content=\"Ediren, Centro de Psicoterapia y Psic\u00f3logos, especialistas en rehabilitaci\u00f3n y en psicolog\u00eda. &quot;Inolaz joaten ez ziren zorabioak&quot;\" \/>\n<meta property=\"og:url\" content=\"https:\/\/www.ediren.com\/eu\/uncategorized-eu\/inolaz-joaten-ez-ziren-zorabioak\/\" \/>\n<meta property=\"og:site_name\" content=\"Ediren\" \/>\n<meta property=\"article:publisher\" content=\"https:\/\/www.facebook.com\/pages\/Ediren-SALUD\/298201266858043\" \/>\n<meta property=\"article:published_time\" content=\"2011-10-17T07:41:34+00:00\" \/>\n<meta property=\"article:modified_time\" content=\"2017-09-15T08:40:29+00:00\" \/>\n<meta property=\"og:image\" content=\"https:\/\/www.ediren.com\/wp-content\/uploads\/2017\/09\/358873fad4914931314b94f2036b503a_Generic.jpg\" \/>\n\t<meta property=\"og:image:width\" content=\"1\" \/>\n\t<meta property=\"og:image:height\" content=\"1\" \/>\n\t<meta property=\"og:image:type\" content=\"image\/jpeg\" \/>\n<meta name=\"author\" content=\"ediren\" \/>\n<meta name=\"twitter:card\" content=\"summary_large_image\" \/>\n<meta name=\"twitter:creator\" content=\"@edirensalud\" \/>\n<meta name=\"twitter:site\" content=\"@edirensalud\" \/>\n<meta name=\"twitter:label1\" content=\"Written by\" \/>\n\t<meta name=\"twitter:data1\" content=\"ediren\" \/>\n\t<meta name=\"twitter:label2\" content=\"Est. reading time\" \/>\n\t<meta name=\"twitter:data2\" content=\"3 minutes\" \/>\n<script type=\"application\/ld+json\" class=\"yoast-schema-graph\">{\"@context\":\"https:\\\/\\\/schema.org\",\"@graph\":[{\"@type\":[\"Article\",\"BlogPosting\"],\"@id\":\"https:\\\/\\\/www.ediren.com\\\/eu\\\/uncategorized-eu\\\/inolaz-joaten-ez-ziren-zorabioak\\\/#article\",\"isPartOf\":{\"@id\":\"https:\\\/\\\/www.ediren.com\\\/eu\\\/uncategorized-eu\\\/inolaz-joaten-ez-ziren-zorabioak\\\/\"},\"author\":{\"name\":\"ediren\",\"@id\":\"https:\\\/\\\/www.ediren.com\\\/eu\\\/#\\\/schema\\\/person\\\/3611d04167eca3fef669d638c900d126\"},\"headline\":\"&#8220;Inolaz joaten ez ziren zorabioak&#8221;\",\"datePublished\":\"2011-10-17T07:41:34+00:00\",\"dateModified\":\"2017-09-15T08:40:29+00:00\",\"mainEntityOfPage\":{\"@id\":\"https:\\\/\\\/www.ediren.com\\\/eu\\\/uncategorized-eu\\\/inolaz-joaten-ez-ziren-zorabioak\\\/\"},\"wordCount\":554,\"image\":{\"@id\":\"https:\\\/\\\/www.ediren.com\\\/eu\\\/uncategorized-eu\\\/inolaz-joaten-ez-ziren-zorabioak\\\/#primaryimage\"},\"thumbnailUrl\":\"https:\\\/\\\/www.ediren.com\\\/wp-content\\\/uploads\\\/2017\\\/09\\\/358873fad4914931314b94f2036b503a_Generic.jpg\",\"articleSection\":[\"Uncategorized @eu\"],\"inLanguage\":\"eu-ES\"},{\"@type\":[\"WebPage\",\"ItemPage\"],\"@id\":\"https:\\\/\\\/www.ediren.com\\\/eu\\\/uncategorized-eu\\\/inolaz-joaten-ez-ziren-zorabioak\\\/\",\"url\":\"https:\\\/\\\/www.ediren.com\\\/eu\\\/uncategorized-eu\\\/inolaz-joaten-ez-ziren-zorabioak\\\/\",\"name\":\"\\\"Inolaz joaten ez ziren zorabioak\\\" - Centro de Psicoterapia y Fisioterapia\",\"isPartOf\":{\"@id\":\"https:\\\/\\\/www.ediren.com\\\/eu\\\/#website\"},\"primaryImageOfPage\":{\"@id\":\"https:\\\/\\\/www.ediren.com\\\/eu\\\/uncategorized-eu\\\/inolaz-joaten-ez-ziren-zorabioak\\\/#primaryimage\"},\"image\":{\"@id\":\"https:\\\/\\\/www.ediren.com\\\/eu\\\/uncategorized-eu\\\/inolaz-joaten-ez-ziren-zorabioak\\\/#primaryimage\"},\"thumbnailUrl\":\"https:\\\/\\\/www.ediren.com\\\/wp-content\\\/uploads\\\/2017\\\/09\\\/358873fad4914931314b94f2036b503a_Generic.jpg\",\"datePublished\":\"2011-10-17T07:41:34+00:00\",\"dateModified\":\"2017-09-15T08:40:29+00:00\",\"author\":{\"@id\":\"https:\\\/\\\/www.ediren.com\\\/eu\\\/#\\\/schema\\\/person\\\/3611d04167eca3fef669d638c900d126\"},\"description\":\"Ediren, Centro de Psicoterapia y Psic\u00f3logos, especialistas en rehabilitaci\u00f3n y en psicolog\u00eda. \\\"Inolaz joaten ez ziren zorabioak\\\"\",\"breadcrumb\":{\"@id\":\"https:\\\/\\\/www.ediren.com\\\/eu\\\/uncategorized-eu\\\/inolaz-joaten-ez-ziren-zorabioak\\\/#breadcrumb\"},\"inLanguage\":\"eu-ES\",\"potentialAction\":[{\"@type\":\"ReadAction\",\"target\":[\"https:\\\/\\\/www.ediren.com\\\/eu\\\/uncategorized-eu\\\/inolaz-joaten-ez-ziren-zorabioak\\\/\"]}]},{\"@type\":\"ImageObject\",\"inLanguage\":\"eu-ES\",\"@id\":\"https:\\\/\\\/www.ediren.com\\\/eu\\\/uncategorized-eu\\\/inolaz-joaten-ez-ziren-zorabioak\\\/#primaryimage\",\"url\":\"https:\\\/\\\/www.ediren.com\\\/wp-content\\\/uploads\\\/2017\\\/09\\\/358873fad4914931314b94f2036b503a_Generic.jpg\",\"contentUrl\":\"https:\\\/\\\/www.ediren.com\\\/wp-content\\\/uploads\\\/2017\\\/09\\\/358873fad4914931314b94f2036b503a_Generic.jpg\"},{\"@type\":\"BreadcrumbList\",\"@id\":\"https:\\\/\\\/www.ediren.com\\\/eu\\\/uncategorized-eu\\\/inolaz-joaten-ez-ziren-zorabioak\\\/#breadcrumb\",\"itemListElement\":[{\"@type\":\"ListItem\",\"position\":1,\"name\":\"Portada\",\"item\":\"https:\\\/\\\/www.ediren.com\\\/eu\\\/hasiera\\\/\"},{\"@type\":\"ListItem\",\"position\":2,\"name\":\"\u00abInolaz joaten ez ziren zorabioak\u00bb\"}]},{\"@type\":\"WebSite\",\"@id\":\"https:\\\/\\\/www.ediren.com\\\/eu\\\/#website\",\"url\":\"https:\\\/\\\/www.ediren.com\\\/eu\\\/\",\"name\":\"Ediren\",\"description\":\"Cooperativa de Salud\",\"potentialAction\":[{\"@type\":\"SearchAction\",\"target\":{\"@type\":\"EntryPoint\",\"urlTemplate\":\"https:\\\/\\\/www.ediren.com\\\/eu\\\/?s={search_term_string}\"},\"query-input\":{\"@type\":\"PropertyValueSpecification\",\"valueRequired\":true,\"valueName\":\"search_term_string\"}}],\"inLanguage\":\"eu-ES\"},{\"@type\":\"Person\",\"@id\":\"https:\\\/\\\/www.ediren.com\\\/eu\\\/#\\\/schema\\\/person\\\/3611d04167eca3fef669d638c900d126\",\"name\":\"ediren\",\"image\":{\"@type\":\"ImageObject\",\"inLanguage\":\"eu-ES\",\"@id\":\"https:\\\/\\\/secure.gravatar.com\\\/avatar\\\/f8d44f1152fb94c746ebb6a040cb31fdde0a786d91c7dace04683d793e9ba10c?s=96&d=mm&r=g\",\"url\":\"https:\\\/\\\/secure.gravatar.com\\\/avatar\\\/f8d44f1152fb94c746ebb6a040cb31fdde0a786d91c7dace04683d793e9ba10c?s=96&d=mm&r=g\",\"contentUrl\":\"https:\\\/\\\/secure.gravatar.com\\\/avatar\\\/f8d44f1152fb94c746ebb6a040cb31fdde0a786d91c7dace04683d793e9ba10c?s=96&d=mm&r=g\",\"caption\":\"ediren\"},\"url\":\"https:\\\/\\\/www.ediren.com\\\/eu\\\/perfil\\\/centro-ediren\\\/\"}]}<\/script>\n<!-- \/ Yoast SEO plugin. -->","yoast_head_json":{"title":"\"Inolaz joaten ez ziren zorabioak\" - Centro de Psicoterapia y Fisioterapia","description":"Ediren, Centro de Psicoterapia y Psic\u00f3logos, especialistas en rehabilitaci\u00f3n y en psicolog\u00eda. \"Inolaz joaten ez ziren zorabioak\"","robots":{"index":"index","follow":"follow","max-snippet":"max-snippet:-1","max-image-preview":"max-image-preview:large","max-video-preview":"max-video-preview:-1"},"canonical":"https:\/\/www.ediren.com\/eu\/uncategorized-eu\/inolaz-joaten-ez-ziren-zorabioak\/","og_locale":"eu_ES","og_type":"article","og_title":"\"Inolaz joaten ez ziren zorabioak\" - Centro de Psicoterapia y Fisioterapia","og_description":"Ediren, Centro de Psicoterapia y Psic\u00f3logos, especialistas en rehabilitaci\u00f3n y en psicolog\u00eda. \"Inolaz joaten ez ziren zorabioak\"","og_url":"https:\/\/www.ediren.com\/eu\/uncategorized-eu\/inolaz-joaten-ez-ziren-zorabioak\/","og_site_name":"Ediren","article_publisher":"https:\/\/www.facebook.com\/pages\/Ediren-SALUD\/298201266858043","article_published_time":"2011-10-17T07:41:34+00:00","article_modified_time":"2017-09-15T08:40:29+00:00","og_image":[{"url":"https:\/\/www.ediren.com\/wp-content\/uploads\/2017\/09\/358873fad4914931314b94f2036b503a_Generic.jpg","width":1,"height":1,"type":"image\/jpeg"}],"author":"ediren","twitter_card":"summary_large_image","twitter_creator":"@edirensalud","twitter_site":"@edirensalud","twitter_misc":{"Written by":"ediren","Est. reading time":"3 minutes"},"schema":{"@context":"https:\/\/schema.org","@graph":[{"@type":["Article","BlogPosting"],"@id":"https:\/\/www.ediren.com\/eu\/uncategorized-eu\/inolaz-joaten-ez-ziren-zorabioak\/#article","isPartOf":{"@id":"https:\/\/www.ediren.com\/eu\/uncategorized-eu\/inolaz-joaten-ez-ziren-zorabioak\/"},"author":{"name":"ediren","@id":"https:\/\/www.ediren.com\/eu\/#\/schema\/person\/3611d04167eca3fef669d638c900d126"},"headline":"&#8220;Inolaz joaten ez ziren zorabioak&#8221;","datePublished":"2011-10-17T07:41:34+00:00","dateModified":"2017-09-15T08:40:29+00:00","mainEntityOfPage":{"@id":"https:\/\/www.ediren.com\/eu\/uncategorized-eu\/inolaz-joaten-ez-ziren-zorabioak\/"},"wordCount":554,"image":{"@id":"https:\/\/www.ediren.com\/eu\/uncategorized-eu\/inolaz-joaten-ez-ziren-zorabioak\/#primaryimage"},"thumbnailUrl":"https:\/\/www.ediren.com\/wp-content\/uploads\/2017\/09\/358873fad4914931314b94f2036b503a_Generic.jpg","articleSection":["Uncategorized @eu"],"inLanguage":"eu-ES"},{"@type":["WebPage","ItemPage"],"@id":"https:\/\/www.ediren.com\/eu\/uncategorized-eu\/inolaz-joaten-ez-ziren-zorabioak\/","url":"https:\/\/www.ediren.com\/eu\/uncategorized-eu\/inolaz-joaten-ez-ziren-zorabioak\/","name":"\"Inolaz joaten ez ziren zorabioak\" - Centro de Psicoterapia y Fisioterapia","isPartOf":{"@id":"https:\/\/www.ediren.com\/eu\/#website"},"primaryImageOfPage":{"@id":"https:\/\/www.ediren.com\/eu\/uncategorized-eu\/inolaz-joaten-ez-ziren-zorabioak\/#primaryimage"},"image":{"@id":"https:\/\/www.ediren.com\/eu\/uncategorized-eu\/inolaz-joaten-ez-ziren-zorabioak\/#primaryimage"},"thumbnailUrl":"https:\/\/www.ediren.com\/wp-content\/uploads\/2017\/09\/358873fad4914931314b94f2036b503a_Generic.jpg","datePublished":"2011-10-17T07:41:34+00:00","dateModified":"2017-09-15T08:40:29+00:00","author":{"@id":"https:\/\/www.ediren.com\/eu\/#\/schema\/person\/3611d04167eca3fef669d638c900d126"},"description":"Ediren, Centro de Psicoterapia y Psic\u00f3logos, especialistas en rehabilitaci\u00f3n y en psicolog\u00eda. \"Inolaz joaten ez ziren zorabioak\"","breadcrumb":{"@id":"https:\/\/www.ediren.com\/eu\/uncategorized-eu\/inolaz-joaten-ez-ziren-zorabioak\/#breadcrumb"},"inLanguage":"eu-ES","potentialAction":[{"@type":"ReadAction","target":["https:\/\/www.ediren.com\/eu\/uncategorized-eu\/inolaz-joaten-ez-ziren-zorabioak\/"]}]},{"@type":"ImageObject","inLanguage":"eu-ES","@id":"https:\/\/www.ediren.com\/eu\/uncategorized-eu\/inolaz-joaten-ez-ziren-zorabioak\/#primaryimage","url":"https:\/\/www.ediren.com\/wp-content\/uploads\/2017\/09\/358873fad4914931314b94f2036b503a_Generic.jpg","contentUrl":"https:\/\/www.ediren.com\/wp-content\/uploads\/2017\/09\/358873fad4914931314b94f2036b503a_Generic.jpg"},{"@type":"BreadcrumbList","@id":"https:\/\/www.ediren.com\/eu\/uncategorized-eu\/inolaz-joaten-ez-ziren-zorabioak\/#breadcrumb","itemListElement":[{"@type":"ListItem","position":1,"name":"Portada","item":"https:\/\/www.ediren.com\/eu\/hasiera\/"},{"@type":"ListItem","position":2,"name":"\u00abInolaz joaten ez ziren zorabioak\u00bb"}]},{"@type":"WebSite","@id":"https:\/\/www.ediren.com\/eu\/#website","url":"https:\/\/www.ediren.com\/eu\/","name":"Ediren","description":"Cooperativa de Salud","potentialAction":[{"@type":"SearchAction","target":{"@type":"EntryPoint","urlTemplate":"https:\/\/www.ediren.com\/eu\/?s={search_term_string}"},"query-input":{"@type":"PropertyValueSpecification","valueRequired":true,"valueName":"search_term_string"}}],"inLanguage":"eu-ES"},{"@type":"Person","@id":"https:\/\/www.ediren.com\/eu\/#\/schema\/person\/3611d04167eca3fef669d638c900d126","name":"ediren","image":{"@type":"ImageObject","inLanguage":"eu-ES","@id":"https:\/\/secure.gravatar.com\/avatar\/f8d44f1152fb94c746ebb6a040cb31fdde0a786d91c7dace04683d793e9ba10c?s=96&d=mm&r=g","url":"https:\/\/secure.gravatar.com\/avatar\/f8d44f1152fb94c746ebb6a040cb31fdde0a786d91c7dace04683d793e9ba10c?s=96&d=mm&r=g","contentUrl":"https:\/\/secure.gravatar.com\/avatar\/f8d44f1152fb94c746ebb6a040cb31fdde0a786d91c7dace04683d793e9ba10c?s=96&d=mm&r=g","caption":"ediren"},"url":"https:\/\/www.ediren.com\/eu\/perfil\/centro-ediren\/"}]}},"_links":{"self":[{"href":"https:\/\/www.ediren.com\/eu\/wp-json\/wp\/v2\/posts\/1526","targetHints":{"allow":["GET"]}}],"collection":[{"href":"https:\/\/www.ediren.com\/eu\/wp-json\/wp\/v2\/posts"}],"about":[{"href":"https:\/\/www.ediren.com\/eu\/wp-json\/wp\/v2\/types\/post"}],"author":[{"embeddable":true,"href":"https:\/\/www.ediren.com\/eu\/wp-json\/wp\/v2\/users\/3"}],"replies":[{"embeddable":true,"href":"https:\/\/www.ediren.com\/eu\/wp-json\/wp\/v2\/comments?post=1526"}],"version-history":[{"count":0,"href":"https:\/\/www.ediren.com\/eu\/wp-json\/wp\/v2\/posts\/1526\/revisions"}],"wp:featuredmedia":[{"embeddable":true,"href":"https:\/\/www.ediren.com\/eu\/wp-json\/wp\/v2\/media\/1527"}],"wp:attachment":[{"href":"https:\/\/www.ediren.com\/eu\/wp-json\/wp\/v2\/media?parent=1526"}],"wp:term":[{"taxonomy":"category","embeddable":true,"href":"https:\/\/www.ediren.com\/eu\/wp-json\/wp\/v2\/categories?post=1526"},{"taxonomy":"post_tag","embeddable":true,"href":"https:\/\/www.ediren.com\/eu\/wp-json\/wp\/v2\/tags?post=1526"}],"curies":[{"name":"wp","href":"https:\/\/api.w.org\/{rel}","templated":true}]}}