{"id":24450,"date":"2026-02-12T09:15:58","date_gmt":"2026-02-12T08:15:58","guid":{"rendered":"https:\/\/www.ediren.com\/?p=24450"},"modified":"2026-02-25T19:12:37","modified_gmt":"2026-02-25T18:12:37","slug":"neke-emozionala","status":"publish","type":"post","link":"https:\/\/www.ediren.com\/eu\/psikologia\/neke-emozionala\/","title":{"rendered":"Neke emozionala"},"content":{"rendered":"<h2>San Valentin akidura emozionalaren aroan<\/h2>\n<p>&#8220;Maiteminduen Eguna&#8221; afari erromantikoekin, opariekin, ihesaldiekin eta maitasun-keinu handiekin lotu ohi da. Bikote askorentzat, ordea, oso bestelako testuinguruan iristen da data hori:<\/p>\n<ul>\n<li>pilatutako nekea<\/li>\n<li>laneko estresa<\/li>\n<li>familiako erantzukizunak<\/li>\n<li>denbora gutxi konektatzeko&#8230;<\/li>\n<\/ul>\n<p>Artikulu honetan, <strong>bikotearen akidura emozionalaz<\/strong> hitz egingo dugu, eta <strong>maitasuna existitzen<\/strong> denean, baina <strong>energia urria denean<\/strong>, elkar zaintzeko moduaz.<\/p>\n<p><img fetchpriority=\"high\" decoding=\"async\" class=\"size-medium wp-image-24431 aligncenter\" src=\"https:\/\/www.ediren.com\/wp-content\/uploads\/2026\/02\/agotamiento-emocional-300x200.jpg\" alt=\"no es que haya falta de amor sino falta de energ\u00edas\" width=\"300\" height=\"200\" \/><\/p>\n<h2>\u00bfNola zaindu bikotea dena nekatzen denean?<\/h2>\n<p>Data seinalatu horiek <strong>frustrazio<\/strong>-sentsazioa sor dezakete, baldin eta <strong>errealistak ez diren ideal erromantikoekin <\/strong>alderatzen bagara edo horiek betetzeko asmoa badugu. Egun honetan, maitasuna barru-barruko zerbait bezala pentsatzera jotzen dugu, gure bizitzako gainerako gauzetatik isolatuta balego bezala. Hala ere, <strong>bizi garen moduak<\/strong>, gure erritmoek, ohiturek eta eguneroko eskakizunek eragin zuzena dute bikote harremanetan eta, jakina, gure<a href=\"https:\/\/www.ediren.com\/eu\/osasun-mentaleko-zerbitzuak\/\"> osasun mentalean<\/a>.<\/p>\n<p><img decoding=\"async\" class=\"size-medium wp-image-24433 aligncenter\" src=\"https:\/\/www.ediren.com\/wp-content\/uploads\/2026\/02\/modos-de-vida-300x200.jpg\" alt=\"las formas en las que vivimos tienen mucho impacto en las relaciones de pareja\" width=\"300\" height=\"200\" srcset=\"https:\/\/www.ediren.com\/wp-content\/uploads\/2026\/02\/modos-de-vida-300x200.jpg 300w, https:\/\/www.ediren.com\/wp-content\/uploads\/2026\/02\/modos-de-vida-1024x682.jpg 1024w, https:\/\/www.ediren.com\/wp-content\/uploads\/2026\/02\/modos-de-vida-768x512.jpg 768w, https:\/\/www.ediren.com\/wp-content\/uploads\/2026\/02\/modos-de-vida.jpg 1280w\" sizes=\"(max-width: 300px) 100vw, 300px\" \/><\/p>\n<h2>Bizimodu ez oso iraunkorrak<\/h2>\n<p><strong>Neke emozionalak<\/strong> ez du zerikusi handirik maitasun ezarekin, baizik eta <strong>lokarrirako leku gutxi<\/strong> uzten diguten bizimodu ez oso iraunkorrekin. Bikote harremanak gaur egun ez dira arazo indibiduala, baizik eta bizitzen ari garen moduaren isla. <strong>Akidura<\/strong> hori ez da bikotean agertzen, <strong>bizitzan agertzen da<\/strong>: laneko estresa, atseden falta, hiperkonektibitatea, familia erantzukizunak\u2026; hori guztia etengabeko lana lehenesten duten bizi estiloen ondorio, eta ez hainbeste zaintza.<\/p>\n<p><img decoding=\"async\" class=\"size-medium wp-image-24435 aligncenter\" src=\"https:\/\/www.ediren.com\/wp-content\/uploads\/2026\/02\/estres-modo-vida-300x192.jpg\" alt=\"llevamos modos de vida poco sostenibles\" width=\"300\" height=\"192\" \/><\/p>\n<h2>Distantzia emozionala bikotean<\/h2>\n<p>Gorputza eta burua gainezka eginda daudenean, bikotea izan ohi da hori azaleratzen den lehen guneetako bat. Badakigu \u201cnon dagoen konfiantza eta nazka\u201d, horregatik <strong>bikotearengan<\/strong> islatzen eta <strong>jartzen dugu akidura hori<\/strong>. Atsotitzetatik haratago, zenbat eta pazientzia eta entzuteko zailtasun gutxiago, orduan eta erreakzio defentsiboagoak eta distantzia emozional handiagoa. Horrek ez du esan nahi <a href=\"https:\/\/www.ediren.com\/eu\/osasun-mentaleko-zerbitzuak\/psikologia-2-2\/bikoteentzako-terapia\/\">harremanak huts egiten<\/a> duenik, baizik eta, kasu askotan, harremana defendatzen duten pertsonak agortuta daudela.<\/p>\n<p><img loading=\"lazy\" decoding=\"async\" class=\"size-medium wp-image-24437 aligncenter\" src=\"https:\/\/www.ediren.com\/wp-content\/uploads\/2026\/02\/agotamiento-pareja-300x200.jpg\" alt=\"la pareja es depositaria del cansancio\" width=\"300\" height=\"200\" \/><\/p>\n<h2>Gelditu eta gure bizitzeko moduaz hausnartu<\/h2>\n<p>Eskari handiko egoerak bizi diren garai hauetan, hala nola lanbidean presioa edo finkatzea, etapa konplexuetan seme-alabak zaintzea, adin handiagoko eta zaintza pertsonalerako denbora gutxiagoko senideak zaintzea, bikote-harremana bigarren maila batera igaro daiteke; ez interes <strong>faltagatik, baizik eta baliabide emozionalik<\/strong> eta <strong>denbora erreal partekaturik<\/strong> ez izateagatik.<\/p>\n<p>Hau une egokia izan daiteke bizi garen moduarekin, atsedenak gure errutinan betetzen duen lekuarekin, bikoteak gure egunerokotasunean duen espazioarekin eta gure bizimoduak patxadaz lotzea ahalbidetzen digun ala ez gelditu eta hausnartzeko. Batzuetan, harremanak ez du aldaketarik behar, inguratzen duen bizi-erritmoak baizik.<\/p>\n<p><img loading=\"lazy\" decoding=\"async\" class=\"size-medium wp-image-24439 aligncenter\" src=\"https:\/\/www.ediren.com\/wp-content\/uploads\/2026\/02\/cambiar-estilo-de-vida-300x200.jpg\" alt=\"no falla la relaci\u00f3n de pareja sino falta de recursos emocionales y tiempo compartido\" width=\"300\" height=\"200\" \/><\/p>\n<h2>Bikotea egunerokotasunean zaindu<\/h2>\n<p>Oro har, maitasuna gehiago adierazten da egunerokotasunean ikusgarritasunean baino; <strong>bikotea zaintzeak<\/strong> berau sostengatzen duten erritmoak, ohiturak eta bizi-baldintzak zaintzea dakar. Hori gure egunerokotasunean isla daiteke:<\/p>\n<ul>\n<li>kargak eta erantzukizunak banatzea<\/li>\n<li>etenik gabeko elkarrizketa-espazioak ezartzea<\/li>\n<li>teknologiaren erabilera mugatzea<\/li>\n<li>edo benetako <strong>kalitateko denbora<\/strong> partekatzea, laburra bada ere.<\/li>\n<\/ul>\n<p><img loading=\"lazy\" decoding=\"async\" class=\"size-medium wp-image-24445 aligncenter\" src=\"https:\/\/www.ediren.com\/wp-content\/uploads\/2026\/02\/cuidados-pareja-300x199.jpg\" alt=\"si las condiciones cambian, el encuentro es posible\" width=\"300\" height=\"199\" \/><\/p>\n<p>Baldintzak aldatzen direnean, topaketa berriro posible izango da. Eta berarekin batera, baita hitzak, keinuak eta <strong>elkar zaintz<\/strong>a ere.<\/p>\n<p>Azken finean, <strong>San Valentin<\/strong> honetan galdera agian ez da nola erakutsi gure maitasuna, baizik eta <strong>nola bizi hori posible egingo duen modu batean<\/strong>.<\/p>\n<p>Fdo. Beatriz Fern\u00e1ndez, psikologoa, sexologoa<\/p>\n","protected":false},"excerpt":{"rendered":"<p>San Valentin afari erromantikoekin eta maitasun keinu handiekin lotzen da. Errealitatea oso bestelakoa da. Entzun duzu akidura emozionalaz hitz egiten? Ezagutu gako gehiago.<\/p>\n","protected":false},"author":3,"featured_media":24430,"comment_status":"open","ping_status":"closed","sticky":false,"template":"","format":"standard","meta":{"_genesis_hide_title":false,"_genesis_hide_breadcrumbs":false,"_genesis_hide_singular_image":false,"_genesis_hide_footer_widgets":false,"_genesis_custom_body_class":"","_genesis_custom_post_class":"","_genesis_layout":"","footnotes":""},"categories":[92],"tags":[],"class_list":{"0":"post-24450","1":"post","2":"type-post","3":"status-publish","4":"format-standard","5":"has-post-thumbnail","7":"category-psikologia","8":"entry"},"yoast_head":"<!-- This site is optimized with the Yoast SEO plugin v27.4 - https:\/\/yoast.com\/product\/yoast-seo-wordpress\/ -->\n<title>Neke emozionala - Centro de Psicoterapia y Fisioterapia<\/title>\n<meta name=\"description\" content=\"Ediren, Centro de Psicoterapia y Psic\u00f3logos, especialistas en rehabilitaci\u00f3n y en psicolog\u00eda. Neke emozionala\" \/>\n<meta name=\"robots\" content=\"index, follow, max-snippet:-1, max-image-preview:large, max-video-preview:-1\" \/>\n<link rel=\"canonical\" href=\"https:\/\/www.ediren.com\/eu\/psikologia\/neke-emozionala\/\" \/>\n<meta property=\"og:locale\" content=\"eu_ES\" \/>\n<meta property=\"og:type\" content=\"article\" \/>\n<meta property=\"og:title\" content=\"Neke emozionala - Centro de Psicoterapia y Fisioterapia\" \/>\n<meta property=\"og:description\" content=\"Ediren, Centro de Psicoterapia y Psic\u00f3logos, especialistas en rehabilitaci\u00f3n y en psicolog\u00eda. Neke emozionala\" \/>\n<meta property=\"og:url\" content=\"https:\/\/www.ediren.com\/eu\/psikologia\/neke-emozionala\/\" \/>\n<meta property=\"og:site_name\" content=\"Ediren\" \/>\n<meta property=\"article:publisher\" content=\"https:\/\/www.facebook.com\/pages\/Ediren-SALUD\/298201266858043\" \/>\n<meta property=\"article:published_time\" content=\"2026-02-12T08:15:58+00:00\" \/>\n<meta property=\"article:modified_time\" content=\"2026-02-25T18:12:37+00:00\" \/>\n<meta property=\"og:image\" content=\"https:\/\/www.ediren.com\/wp-content\/uploads\/2026\/02\/cansancio-emocional.jpg\" \/>\n\t<meta property=\"og:image:width\" content=\"800\" \/>\n\t<meta property=\"og:image:height\" content=\"533\" \/>\n\t<meta property=\"og:image:type\" content=\"image\/jpeg\" \/>\n<meta name=\"author\" content=\"ediren\" \/>\n<meta name=\"twitter:card\" content=\"summary_large_image\" \/>\n<meta name=\"twitter:creator\" content=\"@edirensalud\" \/>\n<meta name=\"twitter:site\" content=\"@edirensalud\" \/>\n<meta name=\"twitter:label1\" content=\"Written by\" \/>\n\t<meta name=\"twitter:data1\" content=\"ediren\" \/>\n\t<meta name=\"twitter:label2\" content=\"Est. reading time\" \/>\n\t<meta name=\"twitter:data2\" content=\"4 minutes\" \/>\n<script type=\"application\/ld+json\" class=\"yoast-schema-graph\">{\"@context\":\"https:\\\/\\\/schema.org\",\"@graph\":[{\"@type\":[\"Article\",\"BlogPosting\"],\"@id\":\"https:\\\/\\\/www.ediren.com\\\/eu\\\/psikologia\\\/neke-emozionala\\\/#article\",\"isPartOf\":{\"@id\":\"https:\\\/\\\/www.ediren.com\\\/eu\\\/psikologia\\\/neke-emozionala\\\/\"},\"author\":{\"name\":\"ediren\",\"@id\":\"https:\\\/\\\/www.ediren.com\\\/eu\\\/#\\\/schema\\\/person\\\/3611d04167eca3fef669d638c900d126\"},\"headline\":\"Neke emozionala\",\"datePublished\":\"2026-02-12T08:15:58+00:00\",\"dateModified\":\"2026-02-25T18:12:37+00:00\",\"mainEntityOfPage\":{\"@id\":\"https:\\\/\\\/www.ediren.com\\\/eu\\\/psikologia\\\/neke-emozionala\\\/\"},\"wordCount\":442,\"commentCount\":0,\"image\":{\"@id\":\"https:\\\/\\\/www.ediren.com\\\/eu\\\/psikologia\\\/neke-emozionala\\\/#primaryimage\"},\"thumbnailUrl\":\"https:\\\/\\\/www.ediren.com\\\/wp-content\\\/uploads\\\/2026\\\/02\\\/cansancio-emocional.jpg\",\"articleSection\":[\"Psikologia\"],\"inLanguage\":\"eu-ES\",\"potentialAction\":[{\"@type\":\"CommentAction\",\"name\":\"Comment\",\"target\":[\"https:\\\/\\\/www.ediren.com\\\/eu\\\/psikologia\\\/neke-emozionala\\\/#respond\"]}]},{\"@type\":[\"WebPage\",\"ItemPage\"],\"@id\":\"https:\\\/\\\/www.ediren.com\\\/eu\\\/psikologia\\\/neke-emozionala\\\/\",\"url\":\"https:\\\/\\\/www.ediren.com\\\/eu\\\/psikologia\\\/neke-emozionala\\\/\",\"name\":\"Neke emozionala - Centro de Psicoterapia y Fisioterapia\",\"isPartOf\":{\"@id\":\"https:\\\/\\\/www.ediren.com\\\/eu\\\/#website\"},\"primaryImageOfPage\":{\"@id\":\"https:\\\/\\\/www.ediren.com\\\/eu\\\/psikologia\\\/neke-emozionala\\\/#primaryimage\"},\"image\":{\"@id\":\"https:\\\/\\\/www.ediren.com\\\/eu\\\/psikologia\\\/neke-emozionala\\\/#primaryimage\"},\"thumbnailUrl\":\"https:\\\/\\\/www.ediren.com\\\/wp-content\\\/uploads\\\/2026\\\/02\\\/cansancio-emocional.jpg\",\"datePublished\":\"2026-02-12T08:15:58+00:00\",\"dateModified\":\"2026-02-25T18:12:37+00:00\",\"author\":{\"@id\":\"https:\\\/\\\/www.ediren.com\\\/eu\\\/#\\\/schema\\\/person\\\/3611d04167eca3fef669d638c900d126\"},\"description\":\"Ediren, Centro de Psicoterapia y Psic\u00f3logos, especialistas en rehabilitaci\u00f3n y en psicolog\u00eda. Neke emozionala\",\"breadcrumb\":{\"@id\":\"https:\\\/\\\/www.ediren.com\\\/eu\\\/psikologia\\\/neke-emozionala\\\/#breadcrumb\"},\"inLanguage\":\"eu-ES\",\"potentialAction\":[{\"@type\":\"ReadAction\",\"target\":[\"https:\\\/\\\/www.ediren.com\\\/eu\\\/psikologia\\\/neke-emozionala\\\/\"]}]},{\"@type\":\"ImageObject\",\"inLanguage\":\"eu-ES\",\"@id\":\"https:\\\/\\\/www.ediren.com\\\/eu\\\/psikologia\\\/neke-emozionala\\\/#primaryimage\",\"url\":\"https:\\\/\\\/www.ediren.com\\\/wp-content\\\/uploads\\\/2026\\\/02\\\/cansancio-emocional.jpg\",\"contentUrl\":\"https:\\\/\\\/www.ediren.com\\\/wp-content\\\/uploads\\\/2026\\\/02\\\/cansancio-emocional.jpg\",\"width\":800,\"height\":533,\"caption\":\"cansancio emocional en la pareja\"},{\"@type\":\"BreadcrumbList\",\"@id\":\"https:\\\/\\\/www.ediren.com\\\/eu\\\/psikologia\\\/neke-emozionala\\\/#breadcrumb\",\"itemListElement\":[{\"@type\":\"ListItem\",\"position\":1,\"name\":\"Portada\",\"item\":\"https:\\\/\\\/www.ediren.com\\\/eu\\\/hasiera\\\/\"},{\"@type\":\"ListItem\",\"position\":2,\"name\":\"Neke emozionala\"}]},{\"@type\":\"WebSite\",\"@id\":\"https:\\\/\\\/www.ediren.com\\\/eu\\\/#website\",\"url\":\"https:\\\/\\\/www.ediren.com\\\/eu\\\/\",\"name\":\"Ediren\",\"description\":\"Cooperativa de Salud\",\"potentialAction\":[{\"@type\":\"SearchAction\",\"target\":{\"@type\":\"EntryPoint\",\"urlTemplate\":\"https:\\\/\\\/www.ediren.com\\\/eu\\\/?s={search_term_string}\"},\"query-input\":{\"@type\":\"PropertyValueSpecification\",\"valueRequired\":true,\"valueName\":\"search_term_string\"}}],\"inLanguage\":\"eu-ES\"},{\"@type\":\"Person\",\"@id\":\"https:\\\/\\\/www.ediren.com\\\/eu\\\/#\\\/schema\\\/person\\\/3611d04167eca3fef669d638c900d126\",\"name\":\"ediren\",\"image\":{\"@type\":\"ImageObject\",\"inLanguage\":\"eu-ES\",\"@id\":\"https:\\\/\\\/secure.gravatar.com\\\/avatar\\\/f8d44f1152fb94c746ebb6a040cb31fdde0a786d91c7dace04683d793e9ba10c?s=96&d=mm&r=g\",\"url\":\"https:\\\/\\\/secure.gravatar.com\\\/avatar\\\/f8d44f1152fb94c746ebb6a040cb31fdde0a786d91c7dace04683d793e9ba10c?s=96&d=mm&r=g\",\"contentUrl\":\"https:\\\/\\\/secure.gravatar.com\\\/avatar\\\/f8d44f1152fb94c746ebb6a040cb31fdde0a786d91c7dace04683d793e9ba10c?s=96&d=mm&r=g\",\"caption\":\"ediren\"},\"url\":\"https:\\\/\\\/www.ediren.com\\\/eu\\\/perfil\\\/centro-ediren\\\/\"}]}<\/script>\n<!-- \/ Yoast SEO plugin. -->","yoast_head_json":{"title":"Neke emozionala - Centro de Psicoterapia y Fisioterapia","description":"Ediren, Centro de Psicoterapia y Psic\u00f3logos, especialistas en rehabilitaci\u00f3n y en psicolog\u00eda. Neke emozionala","robots":{"index":"index","follow":"follow","max-snippet":"max-snippet:-1","max-image-preview":"max-image-preview:large","max-video-preview":"max-video-preview:-1"},"canonical":"https:\/\/www.ediren.com\/eu\/psikologia\/neke-emozionala\/","og_locale":"eu_ES","og_type":"article","og_title":"Neke emozionala - Centro de Psicoterapia y Fisioterapia","og_description":"Ediren, Centro de Psicoterapia y Psic\u00f3logos, especialistas en rehabilitaci\u00f3n y en psicolog\u00eda. Neke emozionala","og_url":"https:\/\/www.ediren.com\/eu\/psikologia\/neke-emozionala\/","og_site_name":"Ediren","article_publisher":"https:\/\/www.facebook.com\/pages\/Ediren-SALUD\/298201266858043","article_published_time":"2026-02-12T08:15:58+00:00","article_modified_time":"2026-02-25T18:12:37+00:00","og_image":[{"width":800,"height":533,"url":"https:\/\/www.ediren.com\/wp-content\/uploads\/2026\/02\/cansancio-emocional.jpg","type":"image\/jpeg"}],"author":"ediren","twitter_card":"summary_large_image","twitter_creator":"@edirensalud","twitter_site":"@edirensalud","twitter_misc":{"Written by":"ediren","Est. reading time":"4 minutes"},"schema":{"@context":"https:\/\/schema.org","@graph":[{"@type":["Article","BlogPosting"],"@id":"https:\/\/www.ediren.com\/eu\/psikologia\/neke-emozionala\/#article","isPartOf":{"@id":"https:\/\/www.ediren.com\/eu\/psikologia\/neke-emozionala\/"},"author":{"name":"ediren","@id":"https:\/\/www.ediren.com\/eu\/#\/schema\/person\/3611d04167eca3fef669d638c900d126"},"headline":"Neke emozionala","datePublished":"2026-02-12T08:15:58+00:00","dateModified":"2026-02-25T18:12:37+00:00","mainEntityOfPage":{"@id":"https:\/\/www.ediren.com\/eu\/psikologia\/neke-emozionala\/"},"wordCount":442,"commentCount":0,"image":{"@id":"https:\/\/www.ediren.com\/eu\/psikologia\/neke-emozionala\/#primaryimage"},"thumbnailUrl":"https:\/\/www.ediren.com\/wp-content\/uploads\/2026\/02\/cansancio-emocional.jpg","articleSection":["Psikologia"],"inLanguage":"eu-ES","potentialAction":[{"@type":"CommentAction","name":"Comment","target":["https:\/\/www.ediren.com\/eu\/psikologia\/neke-emozionala\/#respond"]}]},{"@type":["WebPage","ItemPage"],"@id":"https:\/\/www.ediren.com\/eu\/psikologia\/neke-emozionala\/","url":"https:\/\/www.ediren.com\/eu\/psikologia\/neke-emozionala\/","name":"Neke emozionala - Centro de Psicoterapia y Fisioterapia","isPartOf":{"@id":"https:\/\/www.ediren.com\/eu\/#website"},"primaryImageOfPage":{"@id":"https:\/\/www.ediren.com\/eu\/psikologia\/neke-emozionala\/#primaryimage"},"image":{"@id":"https:\/\/www.ediren.com\/eu\/psikologia\/neke-emozionala\/#primaryimage"},"thumbnailUrl":"https:\/\/www.ediren.com\/wp-content\/uploads\/2026\/02\/cansancio-emocional.jpg","datePublished":"2026-02-12T08:15:58+00:00","dateModified":"2026-02-25T18:12:37+00:00","author":{"@id":"https:\/\/www.ediren.com\/eu\/#\/schema\/person\/3611d04167eca3fef669d638c900d126"},"description":"Ediren, Centro de Psicoterapia y Psic\u00f3logos, especialistas en rehabilitaci\u00f3n y en psicolog\u00eda. Neke emozionala","breadcrumb":{"@id":"https:\/\/www.ediren.com\/eu\/psikologia\/neke-emozionala\/#breadcrumb"},"inLanguage":"eu-ES","potentialAction":[{"@type":"ReadAction","target":["https:\/\/www.ediren.com\/eu\/psikologia\/neke-emozionala\/"]}]},{"@type":"ImageObject","inLanguage":"eu-ES","@id":"https:\/\/www.ediren.com\/eu\/psikologia\/neke-emozionala\/#primaryimage","url":"https:\/\/www.ediren.com\/wp-content\/uploads\/2026\/02\/cansancio-emocional.jpg","contentUrl":"https:\/\/www.ediren.com\/wp-content\/uploads\/2026\/02\/cansancio-emocional.jpg","width":800,"height":533,"caption":"cansancio emocional en la pareja"},{"@type":"BreadcrumbList","@id":"https:\/\/www.ediren.com\/eu\/psikologia\/neke-emozionala\/#breadcrumb","itemListElement":[{"@type":"ListItem","position":1,"name":"Portada","item":"https:\/\/www.ediren.com\/eu\/hasiera\/"},{"@type":"ListItem","position":2,"name":"Neke emozionala"}]},{"@type":"WebSite","@id":"https:\/\/www.ediren.com\/eu\/#website","url":"https:\/\/www.ediren.com\/eu\/","name":"Ediren","description":"Cooperativa de Salud","potentialAction":[{"@type":"SearchAction","target":{"@type":"EntryPoint","urlTemplate":"https:\/\/www.ediren.com\/eu\/?s={search_term_string}"},"query-input":{"@type":"PropertyValueSpecification","valueRequired":true,"valueName":"search_term_string"}}],"inLanguage":"eu-ES"},{"@type":"Person","@id":"https:\/\/www.ediren.com\/eu\/#\/schema\/person\/3611d04167eca3fef669d638c900d126","name":"ediren","image":{"@type":"ImageObject","inLanguage":"eu-ES","@id":"https:\/\/secure.gravatar.com\/avatar\/f8d44f1152fb94c746ebb6a040cb31fdde0a786d91c7dace04683d793e9ba10c?s=96&d=mm&r=g","url":"https:\/\/secure.gravatar.com\/avatar\/f8d44f1152fb94c746ebb6a040cb31fdde0a786d91c7dace04683d793e9ba10c?s=96&d=mm&r=g","contentUrl":"https:\/\/secure.gravatar.com\/avatar\/f8d44f1152fb94c746ebb6a040cb31fdde0a786d91c7dace04683d793e9ba10c?s=96&d=mm&r=g","caption":"ediren"},"url":"https:\/\/www.ediren.com\/eu\/perfil\/centro-ediren\/"}]}},"_links":{"self":[{"href":"https:\/\/www.ediren.com\/eu\/wp-json\/wp\/v2\/posts\/24450","targetHints":{"allow":["GET"]}}],"collection":[{"href":"https:\/\/www.ediren.com\/eu\/wp-json\/wp\/v2\/posts"}],"about":[{"href":"https:\/\/www.ediren.com\/eu\/wp-json\/wp\/v2\/types\/post"}],"author":[{"embeddable":true,"href":"https:\/\/www.ediren.com\/eu\/wp-json\/wp\/v2\/users\/3"}],"replies":[{"embeddable":true,"href":"https:\/\/www.ediren.com\/eu\/wp-json\/wp\/v2\/comments?post=24450"}],"version-history":[{"count":3,"href":"https:\/\/www.ediren.com\/eu\/wp-json\/wp\/v2\/posts\/24450\/revisions"}],"predecessor-version":[{"id":24454,"href":"https:\/\/www.ediren.com\/eu\/wp-json\/wp\/v2\/posts\/24450\/revisions\/24454"}],"wp:featuredmedia":[{"embeddable":true,"href":"https:\/\/www.ediren.com\/eu\/wp-json\/wp\/v2\/media\/24430"}],"wp:attachment":[{"href":"https:\/\/www.ediren.com\/eu\/wp-json\/wp\/v2\/media?parent=24450"}],"wp:term":[{"taxonomy":"category","embeddable":true,"href":"https:\/\/www.ediren.com\/eu\/wp-json\/wp\/v2\/categories?post=24450"},{"taxonomy":"post_tag","embeddable":true,"href":"https:\/\/www.ediren.com\/eu\/wp-json\/wp\/v2\/tags?post=24450"}],"curies":[{"name":"wp","href":"https:\/\/api.w.org\/{rel}","templated":true}]}}