{"id":24652,"date":"2026-02-25T19:09:52","date_gmt":"2026-02-25T18:09:52","guid":{"rendered":"https:\/\/www.ediren.com\/?p=24652"},"modified":"2026-02-26T12:15:15","modified_gmt":"2026-02-26T11:15:15","slug":"sare-sozialak-debekatu","status":"publish","type":"post","link":"https:\/\/www.ediren.com\/eu\/psikologia\/sare-sozialak-debekatu\/","title":{"rendered":"Sare sozialak debekatu?"},"content":{"rendered":"<h2>16 urtetik beherakoei debekua, begirada kritikoa<\/h2>\n<p>Sare sozialetarako sarbidea 16 urtera arte atzeratzeko proposamenak, aldeko edo kontrako posizionamenduetatik harago, <strong>berebiziko arazo soziala<\/strong> jartzen du mahai gainean, \u201cmendebalde digital basatiarena\u201d, Pedro Sanchezek deitu zion bezala.<\/p>\n<p><strong>Teknologia berriek errotik aldatu<\/strong> dute <strong>gure harremanak egiteko<\/strong> eta munduan egoteko modua. Ebidentzia zientifikoaren arabera, adin guztietako <strong>jokabideak aldatzen<\/strong> ari dira, <strong>ez bakarrik nerabezaroan.<\/strong><\/p>\n<p><img fetchpriority=\"high\" decoding=\"async\" class=\"size-medium wp-image-24590 aligncenter\" src=\"https:\/\/www.ediren.com\/wp-content\/uploads\/2026\/02\/tecnologia-comportamientos-300x179.jpg\" alt=\"Las tecnolog\u00edas han cambiado nuestras formas de relaci\u00f3n.\" width=\"300\" height=\"179\" \/><\/p>\n<h2>Debekatzea, nerabeak kontuan hartu gabe<\/h2>\n<p>Eztabaida ez da berria. Urteak dira <strong>familiek<\/strong> eta <strong>elkarteek<\/strong> (adibidez, mugikorrik gabeko <a href=\"https:\/\/www.adolescencialibredemoviles.es\/\" target=\"_blank\" rel=\"noopener\">nerabezaroa plataformak)<\/a> <strong>hezkuntza-tresnak<\/strong> eta <strong>erakundeen laguntza<\/strong> eskatzen dutela, smartphoneen esposizio goiztiarrak dakarren <strong>gizarte-presioaren<\/strong> aurrean, baita <strong>familia-itunak<\/strong> egitera iritsi direnean ere.<\/p>\n<p>Gizarte guztiz digital batean, non mugikorra eguneroko ekosistemaren parte den, <strong>nerabeen bizitza<\/strong> ezinbestean teknologiak zeharkatuta igarotzen da, <strong>sozializazio- eta identitate-prozesuetan<\/strong> integratu arte. Beraz, geure buruari galde diezaiokegu ea zenbait debekuk <strong>arriskuan jartzen duten gazteenak gizarte-bizitzako<\/strong> eremu zentraletatik kanpo uztea, haiek babesteko argudiopean, baina haiek kontuan hartu gabe.<\/p>\n<p><img decoding=\"async\" class=\"size-medium wp-image-24593 aligncenter\" src=\"https:\/\/www.ediren.com\/wp-content\/uploads\/2026\/02\/socializacion-adolescentes-300x201.jpg\" sizes=\"(max-width: 300px) 100vw, 300px\" srcset=\"https:\/\/www.ediren.com\/wp-content\/uploads\/2026\/02\/socializacion-adolescentes-300x201.jpg 300w, https:\/\/www.ediren.com\/wp-content\/uploads\/2026\/02\/socializacion-adolescentes.jpg 600w\" alt=\" la tecnolog\u00eda se integra en los procesos de socializaci\u00f3n e identidad de los adolescentes\" width=\"300\" height=\"201\" \/><\/p>\n<h2>Nerabe ahulak<\/h2>\n<p>Egia da nerabezaroak ahultasun handiagoa duela: garuna oraindik garatzen ari da, eta autorregulazio-mekanismoak ez daude erabat finkatuta. Hala ere, komeni da gogoratzea <strong>sare sozialak ez direla tresna neutrala<\/strong>k, baizik eta jakinarazpenen, pertsonalizazio-algoritmoen edo <em>scroll<\/em> infinitua bezalako dinamiken bidez <strong>arreta jaso eta eusteko diseinatutako<\/strong> inguruneak.<\/p>\n<p><strong>Denboraren eta datuen monetizazioan<\/strong> oinarritzen diren sistema hauek sariketa mekanismoak aktibatzen dituzte, eta horrek <strong>lotura erraztu eta autorregulazioa zailtzen<\/strong> du (baita helduengan ere).<\/p>\n<p>Hori guztia <strong>berehalakotasunak<\/strong>, <strong>indibidualismoak<\/strong> eta <strong>frustrazioarekiko<\/strong> <strong>tolerantzia baxuak<\/strong> <strong>markatutako gizarte<\/strong> batean txertatzen da, non algoritmoek gure arreta mantentzeaz gain, errealitatearen pertzepzioa moldatzen baitute, gure zirrarak anplifikatzen dituzten eta <a href=\"https:\/\/www.ediren.com\/eu\/osasun-mentaleko-zerbitzuak\/psikologia-2-2\/nerabeentzako-terapia\/\">isolamenduan <\/a>eta ezinegonean lagun dezaketen eduki-burbuilak sortuz, <strong>pentsamendu kritikoa zailtzeaz<\/strong> gain.<\/p>\n<p><img decoding=\"async\" class=\"size-medium wp-image-24598 aligncenter\" src=\"https:\/\/www.ediren.com\/wp-content\/uploads\/2026\/02\/adolescente-redes-300x200.jpg\" alt=\"las redes sociales favorecen el enganche\" width=\"300\" height=\"200\" \/><\/p>\n<h2>Sarbidea mugatzea al da irtenbidea?<\/h2>\n<p>Nahiz eta gobernuak plataformen diseinuan eta negozio-ereduan fokua jartzen hasi diren, politika horiek <strong>adingabeen sarbidea mugatzean jartzen dute <\/strong>arreta, sistema horiek nola funtzionatzen duten sakon eraldatu beharrean.<\/p>\n<p>Izan ere, errazagoa, azkarragoa eta sozialki onartuagoa da erabiltzaileen sarbidea arautzea, eskala globalean jarduten duten eta botere ekonomiko handia duten konpainia teknologiko handien diseinuan, algoritmoetan edo negozio-ereduetan esku hartzea baino.<\/p>\n<p>Horrela, <strong>adinari buruzko legeak egiteak berehalako ekintza-sentsazioa transmititzen<\/strong> <strong>duen<\/strong> bitartean, erabilera digitala benetan baldintzatzen duten egiturak arautzeak aldaketa askoz konplexuago eta garestiagoei aurre egitea eskatzen du.<\/p>\n<p><img loading=\"lazy\" decoding=\"async\" class=\"size-medium wp-image-24595 aligncenter\" src=\"https:\/\/www.ediren.com\/wp-content\/uploads\/2026\/02\/grandes-tecnologicas-300x200.jpg\" alt=\"es m\u00e1s f\u00e1cil restringir el acceso a los menores que\" width=\"300\" height=\"200\" \/><\/p>\n<h2>Eta pertsona helduak?<\/h2>\n<p>Baina helburu utopikoetatik harago, pentsa daiteke<strong> ingurune digitalak gizarte osoa<\/strong> <strong>zeharkatzen<\/strong> badu helduei ere <strong>begiratu behar zaiela<\/strong>. Nerabeei guk geuk nekez eusten dugun erantzukizuna exijitzen diegu: mugikorra modu konpultsiboan berrikusten dugu, hiperkonexioa normalizatzen dugu, presentzia pantailagatik ordezkatzen dugu eta sareak eguneroko anestesia gisa erabiltzen ditugu ondoezaren aurrean.<\/p>\n<p><strong>Nerabezaroa ispilu bat da<\/strong>, aurretik ezarritako dinamikak anplifikatzen dituena. Gazteak bakarrik seinalatzeak galdera deseroso bat saihesten duen <strong>koartada kolektibo<\/strong> bihurtzeko arriskua du: Zer harreman eraiki dugu pertsona helduok teknologiarekin eta zer adibide eskaintzen ari gara?<\/p>\n<p><img loading=\"lazy\" decoding=\"async\" class=\"size-medium wp-image-24600 aligncenter\" src=\"https:\/\/www.ediren.com\/wp-content\/uploads\/2026\/02\/sociedad-hiperconectada-300x200.jpg\" sizes=\"(max-width: 300px) 100vw, 300px\" srcset=\"https:\/\/www.ediren.com\/wp-content\/uploads\/2026\/02\/sociedad-hiperconectada-300x200.jpg 300w, https:\/\/www.ediren.com\/wp-content\/uploads\/2026\/02\/sociedad-hiperconectada.jpg 600w\" alt=\"las redes sociales no son herramientas neutrales\" width=\"300\" height=\"200\" \/><\/p>\n<h2>Sare sozialen ondorioak<\/h2>\n<p>Ebidentzia zientifikoak <strong>agertoki anbibalente<\/strong> bat marrazten du:<\/p>\n<ul>\n<li>Gizarte-sareen gehiegizko erabilera <strong>antsietate handiagoarekin<\/strong>, <strong>lo-arazoekin<\/strong> edo<strong> ongizate emozional txikiagoarekin<\/strong> lotzen da.<\/li>\n<li>Baina <strong>eragina denboraren<\/strong> eta <strong>erabilera motaren<\/strong> araberakoa da.<\/li>\n<\/ul>\n<p><a href=\"https:\/\/www.unicef.es\/noticia\/nuevo-informe-sobre-el-impacto-de-la-tecnologia-en-la-infancia-y-la-adolescencia\" target=\"_blank\" rel=\"noopener\">UNICEFek<\/a> Espainian egin duen azterketa zabalak (Espainiako 100.000 haur eta nerabe ingururekin egin da, eta teknologiaren eraginari buruzko munduko azterketa zabalenetakotzat jotzen da) egiaztatzen du sarbidea goiztiarra eta orokorra dela:<\/p>\n<ul>\n<li>Nerabeen % 92,5ek gutxienez batean parte hartzen du, eta horietako asko gero eta gazteago sartzen dira, batez beste 10,8 urterekin, nahiz eta <strong>gutxi batzuek<\/strong> baino ez duten e<strong>rabilera problematikoa.<\/strong><\/li>\n<\/ul>\n<p><img loading=\"lazy\" decoding=\"async\" class=\"size-medium wp-image-24674 aligncenter\" src=\"https:\/\/www.ediren.com\/wp-content\/uploads\/2026\/02\/adolescentes-moviles-282x300.jpg\" alt=\"las redes no solo es un riesgo tambi\u00e9n sirven de conexi\u00f3n\" width=\"282\" height=\"300\" srcset=\"https:\/\/www.ediren.com\/wp-content\/uploads\/2026\/02\/adolescentes-moviles-282x300.jpg 282w, https:\/\/www.ediren.com\/wp-content\/uploads\/2026\/02\/adolescentes-moviles.jpg 600w\" sizes=\"(max-width: 282px) 100vw, 282px\" \/><\/p>\n<ul>\n<li>Arriskuekin batera, gazteen erdiek baino gehiagok deskonexioaren beharra adierazten dute, eta hezkuntza digital, afektibo eta emozional handiagoa eskatzen dute, baita <strong>helduen laguntza eta osasun mentalaz eta harremanez hitz egiteko<\/strong> guneak ere. Egoera ahulean dauden gazte askorentzat, plataforma horiek laguntza-, pertenentzia- eta adierazpen-espazio gisa ere funtzionatzen dute, eta isolamendua murrizten dute, laguntza bilatzen laguntzen dute eta oztopo sozial eta fisikoak gainditzen dituzte.<\/li>\n<li>Ikerketa ugarik nabarmentzen dute sare sozialek LGTBIQ+ kolektiboan dituzten onurak. Beraz, sare sozialak ez dira arrisku bat soilik, ingurune digitaletik kanpo ordezkatzen zailak diren funtzio sozialak betetzen dituen konexio-tresna bat ere badira.<\/li>\n<\/ul>\n<h2>Ondorioa<\/h2>\n<p>Beste behin ere, eztabaida publikoa <strong>nerabeen<\/strong> gainean eraikitzen dela dirudi, baina ia inoiz ez haiekin. Beren esperientzia idealizatzen duen eta besteengan konfiantzarik ez duen <strong>gizarte heldu<\/strong> baten isla gisa, <strong>gaitzespenaren<\/strong> eta<strong> gehiegizko babesaren artean ibiltzeko<\/strong> joera dugu: lehenik arazotzat seinalatzen ditugu, eta gero konponbideak inposatzen ditugu, benetan zer behar duten entzun gabe.<\/p>\n<p><img loading=\"lazy\" decoding=\"async\" class=\"size-medium wp-image-23882 aligncenter\" src=\"https:\/\/www.ediren.com\/wp-content\/uploads\/2025\/12\/adolescentes-moviles-300x200.jpg\" alt=\"Con los m\u00f3viles estamos siempre localizados\" width=\"300\" height=\"200\" \/><\/p>\n<p>Hala ere, ebidentziak erakusten du gazteriaren eta teknologiaren arteko harremana konplexua eta anbibalentea dela, eta nerabeek berek arriskuak eta onurak identifikatzen dituztela sareetan, <strong>laguntza eta hezkuntza eskatuz<\/strong>, eta <strong>ez kontrola soilik<\/strong>.<\/p>\n<p>Berriki egindako azterketek adierazten dute, gainera<strong>, neurri murriztaile edo debekatzaileetan soilik zentratzeak ez dituela kezkaren arrazoi sakonak jorratzen<\/strong>, eta ez dituela emaitza hobeak bermatzen; izan ere, inpaktua testuinguruaren, erabilera motaren eta gizarte-laguntzaren mende dago, teknologiaren presentzia hutsaren mende baino gehiago.<\/p>\n<p>Erregulazio-urgentziatik eta beldur moraletik erantzun beharrean, beharbada edizioa, balio inklusiboak eta parte-hartzaileak oinarri dituen sozializazio digitala eraikitzea izango da erronka, non nerabeak eurak<strong> subjektu aktibo<\/strong> gisa entzungo diren, eta ez beste batzuek erabakitako arauen hartzaile pasibo gisa soilik tratatuak.<\/p>\n<p>Alain Urra, psikologoa<\/p>\n","protected":false},"excerpt":{"rendered":"<p>16 urtetik beherakoei sare sozialetara sartzeko murrizketak gaurkotasun osoa du. Begirada kritiko bat proposatzen dizugu, gurekin al zaude?<\/p>\n","protected":false},"author":3,"featured_media":24607,"comment_status":"open","ping_status":"closed","sticky":false,"template":"","format":"standard","meta":{"_genesis_hide_title":false,"_genesis_hide_breadcrumbs":false,"_genesis_hide_singular_image":false,"_genesis_hide_footer_widgets":false,"_genesis_custom_body_class":"","_genesis_custom_post_class":"","_genesis_layout":"","footnotes":""},"categories":[92],"tags":[],"class_list":{"0":"post-24652","1":"post","2":"type-post","3":"status-publish","4":"format-standard","5":"has-post-thumbnail","7":"category-psikologia","8":"entry"},"yoast_head":"<!-- This site is optimized with the Yoast SEO plugin v27.4 - https:\/\/yoast.com\/product\/yoast-seo-wordpress\/ -->\n<title>Sare sozialak debekatu? - Centro de Psicoterapia y Fisioterapia<\/title>\n<meta name=\"description\" content=\"Ediren, Centro de Psicoterapia y Psic\u00f3logos, especialistas en rehabilitaci\u00f3n y en psicolog\u00eda. Sare sozialak debekatu?\" \/>\n<meta name=\"robots\" content=\"index, follow, max-snippet:-1, max-image-preview:large, max-video-preview:-1\" \/>\n<link rel=\"canonical\" href=\"https:\/\/www.ediren.com\/eu\/psikologia\/sare-sozialak-debekatu\/\" \/>\n<meta property=\"og:locale\" content=\"eu_ES\" \/>\n<meta property=\"og:type\" content=\"article\" \/>\n<meta property=\"og:title\" content=\"Sare sozialak debekatu? - Centro de Psicoterapia y Fisioterapia\" \/>\n<meta property=\"og:description\" content=\"Ediren, Centro de Psicoterapia y Psic\u00f3logos, especialistas en rehabilitaci\u00f3n y en psicolog\u00eda. Sare sozialak debekatu?\" \/>\n<meta property=\"og:url\" content=\"https:\/\/www.ediren.com\/eu\/psikologia\/sare-sozialak-debekatu\/\" \/>\n<meta property=\"og:site_name\" content=\"Ediren\" \/>\n<meta property=\"article:publisher\" content=\"https:\/\/www.facebook.com\/pages\/Ediren-SALUD\/298201266858043\" \/>\n<meta property=\"article:published_time\" content=\"2026-02-25T18:09:52+00:00\" \/>\n<meta property=\"article:modified_time\" content=\"2026-02-26T11:15:15+00:00\" \/>\n<meta property=\"og:image\" content=\"https:\/\/www.ediren.com\/wp-content\/uploads\/2026\/02\/prohibir-redes-sociales-e1771845272280.jpg\" \/>\n\t<meta property=\"og:image:width\" content=\"1920\" \/>\n\t<meta property=\"og:image:height\" content=\"1337\" \/>\n\t<meta property=\"og:image:type\" content=\"image\/jpeg\" \/>\n<meta name=\"author\" content=\"ediren\" \/>\n<meta name=\"twitter:card\" content=\"summary_large_image\" \/>\n<meta name=\"twitter:creator\" content=\"@edirensalud\" \/>\n<meta name=\"twitter:site\" content=\"@edirensalud\" \/>\n<meta name=\"twitter:label1\" content=\"Written by\" \/>\n\t<meta name=\"twitter:data1\" content=\"ediren\" \/>\n\t<meta name=\"twitter:label2\" content=\"Est. reading time\" \/>\n\t<meta name=\"twitter:data2\" content=\"6 minutes\" \/>\n<script type=\"application\/ld+json\" class=\"yoast-schema-graph\">{\"@context\":\"https:\\\/\\\/schema.org\",\"@graph\":[{\"@type\":[\"Article\",\"BlogPosting\"],\"@id\":\"https:\\\/\\\/www.ediren.com\\\/eu\\\/psikologia\\\/sare-sozialak-debekatu\\\/#article\",\"isPartOf\":{\"@id\":\"https:\\\/\\\/www.ediren.com\\\/eu\\\/psikologia\\\/sare-sozialak-debekatu\\\/\"},\"author\":{\"name\":\"ediren\",\"@id\":\"https:\\\/\\\/www.ediren.com\\\/eu\\\/#\\\/schema\\\/person\\\/3611d04167eca3fef669d638c900d126\"},\"headline\":\"Sare sozialak debekatu?\",\"datePublished\":\"2026-02-25T18:09:52+00:00\",\"dateModified\":\"2026-02-26T11:15:15+00:00\",\"mainEntityOfPage\":{\"@id\":\"https:\\\/\\\/www.ediren.com\\\/eu\\\/psikologia\\\/sare-sozialak-debekatu\\\/\"},\"wordCount\":769,\"commentCount\":0,\"image\":{\"@id\":\"https:\\\/\\\/www.ediren.com\\\/eu\\\/psikologia\\\/sare-sozialak-debekatu\\\/#primaryimage\"},\"thumbnailUrl\":\"https:\\\/\\\/www.ediren.com\\\/wp-content\\\/uploads\\\/2026\\\/02\\\/prohibir-redes-sociales-e1771845272280.jpg\",\"articleSection\":[\"Psikologia\"],\"inLanguage\":\"eu-ES\",\"potentialAction\":[{\"@type\":\"CommentAction\",\"name\":\"Comment\",\"target\":[\"https:\\\/\\\/www.ediren.com\\\/eu\\\/psikologia\\\/sare-sozialak-debekatu\\\/#respond\"]}]},{\"@type\":[\"WebPage\",\"ItemPage\"],\"@id\":\"https:\\\/\\\/www.ediren.com\\\/eu\\\/psikologia\\\/sare-sozialak-debekatu\\\/\",\"url\":\"https:\\\/\\\/www.ediren.com\\\/eu\\\/psikologia\\\/sare-sozialak-debekatu\\\/\",\"name\":\"Sare sozialak debekatu? - Centro de Psicoterapia y Fisioterapia\",\"isPartOf\":{\"@id\":\"https:\\\/\\\/www.ediren.com\\\/eu\\\/#website\"},\"primaryImageOfPage\":{\"@id\":\"https:\\\/\\\/www.ediren.com\\\/eu\\\/psikologia\\\/sare-sozialak-debekatu\\\/#primaryimage\"},\"image\":{\"@id\":\"https:\\\/\\\/www.ediren.com\\\/eu\\\/psikologia\\\/sare-sozialak-debekatu\\\/#primaryimage\"},\"thumbnailUrl\":\"https:\\\/\\\/www.ediren.com\\\/wp-content\\\/uploads\\\/2026\\\/02\\\/prohibir-redes-sociales-e1771845272280.jpg\",\"datePublished\":\"2026-02-25T18:09:52+00:00\",\"dateModified\":\"2026-02-26T11:15:15+00:00\",\"author\":{\"@id\":\"https:\\\/\\\/www.ediren.com\\\/eu\\\/#\\\/schema\\\/person\\\/3611d04167eca3fef669d638c900d126\"},\"description\":\"Ediren, Centro de Psicoterapia y Psic\u00f3logos, especialistas en rehabilitaci\u00f3n y en psicolog\u00eda. Sare sozialak debekatu?\",\"breadcrumb\":{\"@id\":\"https:\\\/\\\/www.ediren.com\\\/eu\\\/psikologia\\\/sare-sozialak-debekatu\\\/#breadcrumb\"},\"inLanguage\":\"eu-ES\",\"potentialAction\":[{\"@type\":\"ReadAction\",\"target\":[\"https:\\\/\\\/www.ediren.com\\\/eu\\\/psikologia\\\/sare-sozialak-debekatu\\\/\"]}]},{\"@type\":\"ImageObject\",\"inLanguage\":\"eu-ES\",\"@id\":\"https:\\\/\\\/www.ediren.com\\\/eu\\\/psikologia\\\/sare-sozialak-debekatu\\\/#primaryimage\",\"url\":\"https:\\\/\\\/www.ediren.com\\\/wp-content\\\/uploads\\\/2026\\\/02\\\/prohibir-redes-sociales-e1771845272280.jpg\",\"contentUrl\":\"https:\\\/\\\/www.ediren.com\\\/wp-content\\\/uploads\\\/2026\\\/02\\\/prohibir-redes-sociales-e1771845272280.jpg\",\"width\":1920,\"height\":1337,\"caption\":\"debate social sobre prohibir redes sociales a menores de 16 a\u00f1os\"},{\"@type\":\"BreadcrumbList\",\"@id\":\"https:\\\/\\\/www.ediren.com\\\/eu\\\/psikologia\\\/sare-sozialak-debekatu\\\/#breadcrumb\",\"itemListElement\":[{\"@type\":\"ListItem\",\"position\":1,\"name\":\"Portada\",\"item\":\"https:\\\/\\\/www.ediren.com\\\/eu\\\/hasiera\\\/\"},{\"@type\":\"ListItem\",\"position\":2,\"name\":\"Sare sozialak debekatu?\"}]},{\"@type\":\"WebSite\",\"@id\":\"https:\\\/\\\/www.ediren.com\\\/eu\\\/#website\",\"url\":\"https:\\\/\\\/www.ediren.com\\\/eu\\\/\",\"name\":\"Ediren\",\"description\":\"Cooperativa de Salud\",\"potentialAction\":[{\"@type\":\"SearchAction\",\"target\":{\"@type\":\"EntryPoint\",\"urlTemplate\":\"https:\\\/\\\/www.ediren.com\\\/eu\\\/?s={search_term_string}\"},\"query-input\":{\"@type\":\"PropertyValueSpecification\",\"valueRequired\":true,\"valueName\":\"search_term_string\"}}],\"inLanguage\":\"eu-ES\"},{\"@type\":\"Person\",\"@id\":\"https:\\\/\\\/www.ediren.com\\\/eu\\\/#\\\/schema\\\/person\\\/3611d04167eca3fef669d638c900d126\",\"name\":\"ediren\",\"image\":{\"@type\":\"ImageObject\",\"inLanguage\":\"eu-ES\",\"@id\":\"https:\\\/\\\/secure.gravatar.com\\\/avatar\\\/f8d44f1152fb94c746ebb6a040cb31fdde0a786d91c7dace04683d793e9ba10c?s=96&d=mm&r=g\",\"url\":\"https:\\\/\\\/secure.gravatar.com\\\/avatar\\\/f8d44f1152fb94c746ebb6a040cb31fdde0a786d91c7dace04683d793e9ba10c?s=96&d=mm&r=g\",\"contentUrl\":\"https:\\\/\\\/secure.gravatar.com\\\/avatar\\\/f8d44f1152fb94c746ebb6a040cb31fdde0a786d91c7dace04683d793e9ba10c?s=96&d=mm&r=g\",\"caption\":\"ediren\"},\"url\":\"https:\\\/\\\/www.ediren.com\\\/eu\\\/perfil\\\/centro-ediren\\\/\"}]}<\/script>\n<!-- \/ Yoast SEO plugin. -->","yoast_head_json":{"title":"Sare sozialak debekatu? - Centro de Psicoterapia y Fisioterapia","description":"Ediren, Centro de Psicoterapia y Psic\u00f3logos, especialistas en rehabilitaci\u00f3n y en psicolog\u00eda. Sare sozialak debekatu?","robots":{"index":"index","follow":"follow","max-snippet":"max-snippet:-1","max-image-preview":"max-image-preview:large","max-video-preview":"max-video-preview:-1"},"canonical":"https:\/\/www.ediren.com\/eu\/psikologia\/sare-sozialak-debekatu\/","og_locale":"eu_ES","og_type":"article","og_title":"Sare sozialak debekatu? - Centro de Psicoterapia y Fisioterapia","og_description":"Ediren, Centro de Psicoterapia y Psic\u00f3logos, especialistas en rehabilitaci\u00f3n y en psicolog\u00eda. Sare sozialak debekatu?","og_url":"https:\/\/www.ediren.com\/eu\/psikologia\/sare-sozialak-debekatu\/","og_site_name":"Ediren","article_publisher":"https:\/\/www.facebook.com\/pages\/Ediren-SALUD\/298201266858043","article_published_time":"2026-02-25T18:09:52+00:00","article_modified_time":"2026-02-26T11:15:15+00:00","og_image":[{"width":1920,"height":1337,"url":"https:\/\/www.ediren.com\/wp-content\/uploads\/2026\/02\/prohibir-redes-sociales-e1771845272280.jpg","type":"image\/jpeg"}],"author":"ediren","twitter_card":"summary_large_image","twitter_creator":"@edirensalud","twitter_site":"@edirensalud","twitter_misc":{"Written by":"ediren","Est. reading time":"6 minutes"},"schema":{"@context":"https:\/\/schema.org","@graph":[{"@type":["Article","BlogPosting"],"@id":"https:\/\/www.ediren.com\/eu\/psikologia\/sare-sozialak-debekatu\/#article","isPartOf":{"@id":"https:\/\/www.ediren.com\/eu\/psikologia\/sare-sozialak-debekatu\/"},"author":{"name":"ediren","@id":"https:\/\/www.ediren.com\/eu\/#\/schema\/person\/3611d04167eca3fef669d638c900d126"},"headline":"Sare sozialak debekatu?","datePublished":"2026-02-25T18:09:52+00:00","dateModified":"2026-02-26T11:15:15+00:00","mainEntityOfPage":{"@id":"https:\/\/www.ediren.com\/eu\/psikologia\/sare-sozialak-debekatu\/"},"wordCount":769,"commentCount":0,"image":{"@id":"https:\/\/www.ediren.com\/eu\/psikologia\/sare-sozialak-debekatu\/#primaryimage"},"thumbnailUrl":"https:\/\/www.ediren.com\/wp-content\/uploads\/2026\/02\/prohibir-redes-sociales-e1771845272280.jpg","articleSection":["Psikologia"],"inLanguage":"eu-ES","potentialAction":[{"@type":"CommentAction","name":"Comment","target":["https:\/\/www.ediren.com\/eu\/psikologia\/sare-sozialak-debekatu\/#respond"]}]},{"@type":["WebPage","ItemPage"],"@id":"https:\/\/www.ediren.com\/eu\/psikologia\/sare-sozialak-debekatu\/","url":"https:\/\/www.ediren.com\/eu\/psikologia\/sare-sozialak-debekatu\/","name":"Sare sozialak debekatu? - Centro de Psicoterapia y Fisioterapia","isPartOf":{"@id":"https:\/\/www.ediren.com\/eu\/#website"},"primaryImageOfPage":{"@id":"https:\/\/www.ediren.com\/eu\/psikologia\/sare-sozialak-debekatu\/#primaryimage"},"image":{"@id":"https:\/\/www.ediren.com\/eu\/psikologia\/sare-sozialak-debekatu\/#primaryimage"},"thumbnailUrl":"https:\/\/www.ediren.com\/wp-content\/uploads\/2026\/02\/prohibir-redes-sociales-e1771845272280.jpg","datePublished":"2026-02-25T18:09:52+00:00","dateModified":"2026-02-26T11:15:15+00:00","author":{"@id":"https:\/\/www.ediren.com\/eu\/#\/schema\/person\/3611d04167eca3fef669d638c900d126"},"description":"Ediren, Centro de Psicoterapia y Psic\u00f3logos, especialistas en rehabilitaci\u00f3n y en psicolog\u00eda. Sare sozialak debekatu?","breadcrumb":{"@id":"https:\/\/www.ediren.com\/eu\/psikologia\/sare-sozialak-debekatu\/#breadcrumb"},"inLanguage":"eu-ES","potentialAction":[{"@type":"ReadAction","target":["https:\/\/www.ediren.com\/eu\/psikologia\/sare-sozialak-debekatu\/"]}]},{"@type":"ImageObject","inLanguage":"eu-ES","@id":"https:\/\/www.ediren.com\/eu\/psikologia\/sare-sozialak-debekatu\/#primaryimage","url":"https:\/\/www.ediren.com\/wp-content\/uploads\/2026\/02\/prohibir-redes-sociales-e1771845272280.jpg","contentUrl":"https:\/\/www.ediren.com\/wp-content\/uploads\/2026\/02\/prohibir-redes-sociales-e1771845272280.jpg","width":1920,"height":1337,"caption":"debate social sobre prohibir redes sociales a menores de 16 a\u00f1os"},{"@type":"BreadcrumbList","@id":"https:\/\/www.ediren.com\/eu\/psikologia\/sare-sozialak-debekatu\/#breadcrumb","itemListElement":[{"@type":"ListItem","position":1,"name":"Portada","item":"https:\/\/www.ediren.com\/eu\/hasiera\/"},{"@type":"ListItem","position":2,"name":"Sare sozialak debekatu?"}]},{"@type":"WebSite","@id":"https:\/\/www.ediren.com\/eu\/#website","url":"https:\/\/www.ediren.com\/eu\/","name":"Ediren","description":"Cooperativa de Salud","potentialAction":[{"@type":"SearchAction","target":{"@type":"EntryPoint","urlTemplate":"https:\/\/www.ediren.com\/eu\/?s={search_term_string}"},"query-input":{"@type":"PropertyValueSpecification","valueRequired":true,"valueName":"search_term_string"}}],"inLanguage":"eu-ES"},{"@type":"Person","@id":"https:\/\/www.ediren.com\/eu\/#\/schema\/person\/3611d04167eca3fef669d638c900d126","name":"ediren","image":{"@type":"ImageObject","inLanguage":"eu-ES","@id":"https:\/\/secure.gravatar.com\/avatar\/f8d44f1152fb94c746ebb6a040cb31fdde0a786d91c7dace04683d793e9ba10c?s=96&d=mm&r=g","url":"https:\/\/secure.gravatar.com\/avatar\/f8d44f1152fb94c746ebb6a040cb31fdde0a786d91c7dace04683d793e9ba10c?s=96&d=mm&r=g","contentUrl":"https:\/\/secure.gravatar.com\/avatar\/f8d44f1152fb94c746ebb6a040cb31fdde0a786d91c7dace04683d793e9ba10c?s=96&d=mm&r=g","caption":"ediren"},"url":"https:\/\/www.ediren.com\/eu\/perfil\/centro-ediren\/"}]}},"_links":{"self":[{"href":"https:\/\/www.ediren.com\/eu\/wp-json\/wp\/v2\/posts\/24652","targetHints":{"allow":["GET"]}}],"collection":[{"href":"https:\/\/www.ediren.com\/eu\/wp-json\/wp\/v2\/posts"}],"about":[{"href":"https:\/\/www.ediren.com\/eu\/wp-json\/wp\/v2\/types\/post"}],"author":[{"embeddable":true,"href":"https:\/\/www.ediren.com\/eu\/wp-json\/wp\/v2\/users\/3"}],"replies":[{"embeddable":true,"href":"https:\/\/www.ediren.com\/eu\/wp-json\/wp\/v2\/comments?post=24652"}],"version-history":[{"count":14,"href":"https:\/\/www.ediren.com\/eu\/wp-json\/wp\/v2\/posts\/24652\/revisions"}],"predecessor-version":[{"id":24676,"href":"https:\/\/www.ediren.com\/eu\/wp-json\/wp\/v2\/posts\/24652\/revisions\/24676"}],"wp:featuredmedia":[{"embeddable":true,"href":"https:\/\/www.ediren.com\/eu\/wp-json\/wp\/v2\/media\/24607"}],"wp:attachment":[{"href":"https:\/\/www.ediren.com\/eu\/wp-json\/wp\/v2\/media?parent=24652"}],"wp:term":[{"taxonomy":"category","embeddable":true,"href":"https:\/\/www.ediren.com\/eu\/wp-json\/wp\/v2\/categories?post=24652"},{"taxonomy":"post_tag","embeddable":true,"href":"https:\/\/www.ediren.com\/eu\/wp-json\/wp\/v2\/tags?post=24652"}],"curies":[{"name":"wp","href":"https:\/\/api.w.org\/{rel}","templated":true}]}}