{"id":7633,"date":"2020-06-22T13:05:26","date_gmt":"2020-06-22T11:05:26","guid":{"rendered":"https:\/\/www.ediren.com\/uncategorized-eu\/psikomotrizitate-terapeuta-behar-dugu-edirenen-lan-egiteko\/"},"modified":"2021-11-03T12:06:07","modified_gmt":"2021-11-03T11:06:07","slug":"psikomotrizitate-terapeuta-behar-dugu-edirenen-lan-egiteko","status":"publish","type":"post","link":"https:\/\/www.ediren.com\/eu\/berriak\/psikomotrizitate-terapeuta-behar-dugu-edirenen-lan-egiteko\/","title":{"rendered":"Psikomotrizitate-terapeuta behar dugu Edirenen lan egiteko."},"content":{"rendered":"<p>EDIREN LAN-ESKAINTZA<\/p>\n<p>Gure kooperatiba lan-taldea handitzeko asmotan dabil. Honako ezaugarriak eskatzen dira:<\/p>\n<ul>\n<li>Psikologia titulua.<\/li>\n<li>Psikomotrizitate-terapia arloko titulua.<\/li>\n<li>Euskara menderatzea.<\/li>\n<li>Ordutegi malgutasuna eta lan-taldean aritzeko gaitasuna.<\/li>\n<li>Osasun arloko Psikologia Masterra edo dagokion gaikuntza izatea baloratuko da. Irailean hasteko.<\/li>\n<\/ul>\n<p>Interesa duten pertsonek curriculuma bidal dezakete <a href=\"mailto:kooperatiba@ediren.com\">kooperatiba@ediren.com<\/a> helbidera, \u201cOFERTA PSICOMOTRICISTA\u201d gaiarekin.<\/p>\n<p>Eskerrik asko.<\/p>\n","protected":false},"excerpt":{"rendered":"<p>EDIREN LAN-ESKAINTZA: Psikomotrizitate-terapeuta behar dugu Edirenen lan egiteko.<\/p>\n","protected":false},"author":3,"featured_media":6903,"comment_status":"open","ping_status":"closed","sticky":false,"template":"","format":"standard","meta":{"_genesis_hide_title":false,"_genesis_hide_breadcrumbs":false,"_genesis_hide_singular_image":false,"_genesis_hide_footer_widgets":false,"_genesis_custom_body_class":"","_genesis_custom_post_class":"","_genesis_layout":"","footnotes":""},"categories":[45],"tags":[],"class_list":{"0":"post-7633","1":"post","2":"type-post","3":"status-publish","4":"format-standard","5":"has-post-thumbnail","7":"category-berriak","8":"entry"},"yoast_head":"<!-- This site is optimized with the Yoast SEO plugin v27.4 - https:\/\/yoast.com\/product\/yoast-seo-wordpress\/ -->\n<title>Psikomotrizitate-terapeuta behar dugu Edirenen lan egiteko.<\/title>\n<meta name=\"description\" content=\"Ediren, Centro de Psicoterapia y Psic\u00f3logos, especialistas en rehabilitaci\u00f3n y en psicolog\u00eda. Psikomotrizitate-terapeuta behar dugu Edirenen lan egiteko.\" \/>\n<meta name=\"robots\" content=\"noindex, follow\" \/>\n<meta property=\"og:locale\" content=\"eu_ES\" \/>\n<meta property=\"og:type\" content=\"article\" \/>\n<meta property=\"og:title\" content=\"Psikomotrizitate-terapeuta behar dugu Edirenen lan egiteko.\" \/>\n<meta property=\"og:description\" content=\"Ediren, Centro de Psicoterapia y Psic\u00f3logos, especialistas en rehabilitaci\u00f3n y en psicolog\u00eda. Psikomotrizitate-terapeuta behar dugu Edirenen lan egiteko.\" \/>\n<meta property=\"og:url\" content=\"https:\/\/www.ediren.com\/eu\/berriak\/psikomotrizitate-terapeuta-behar-dugu-edirenen-lan-egiteko\/\" \/>\n<meta property=\"og:site_name\" content=\"Ediren\" \/>\n<meta property=\"article:publisher\" content=\"https:\/\/www.facebook.com\/pages\/Ediren-SALUD\/298201266858043\" \/>\n<meta property=\"article:published_time\" content=\"2020-06-22T11:05:26+00:00\" \/>\n<meta property=\"article:modified_time\" content=\"2021-11-03T11:06:07+00:00\" \/>\n<meta property=\"og:image\" content=\"https:\/\/www.ediren.com\/wp-content\/uploads\/2020\/02\/Ediren-terapia-psicomotriz.jpg\" \/>\n\t<meta property=\"og:image:width\" content=\"720\" \/>\n\t<meta property=\"og:image:height\" content=\"480\" \/>\n\t<meta property=\"og:image:type\" content=\"image\/jpeg\" \/>\n<meta name=\"author\" content=\"ediren\" \/>\n<meta name=\"twitter:card\" content=\"summary_large_image\" \/>\n<meta name=\"twitter:creator\" content=\"@edirensalud\" \/>\n<meta name=\"twitter:site\" content=\"@edirensalud\" \/>\n<meta name=\"twitter:label1\" content=\"Written by\" \/>\n\t<meta name=\"twitter:data1\" content=\"ediren\" \/>\n<script type=\"application\/ld+json\" class=\"yoast-schema-graph\">{\"@context\":\"https:\\\/\\\/schema.org\",\"@graph\":[{\"@type\":[\"Article\",\"BlogPosting\"],\"@id\":\"https:\\\/\\\/www.ediren.com\\\/eu\\\/berriak\\\/psikomotrizitate-terapeuta-behar-dugu-edirenen-lan-egiteko\\\/#article\",\"isPartOf\":{\"@id\":\"https:\\\/\\\/www.ediren.com\\\/eu\\\/berriak\\\/psikomotrizitate-terapeuta-behar-dugu-edirenen-lan-egiteko\\\/\"},\"author\":{\"name\":\"ediren\",\"@id\":\"https:\\\/\\\/www.ediren.com\\\/eu\\\/#\\\/schema\\\/person\\\/3611d04167eca3fef669d638c900d126\"},\"headline\":\"Psikomotrizitate-terapeuta behar dugu Edirenen lan egiteko.\",\"datePublished\":\"2020-06-22T11:05:26+00:00\",\"dateModified\":\"2021-11-03T11:06:07+00:00\",\"mainEntityOfPage\":{\"@id\":\"https:\\\/\\\/www.ediren.com\\\/eu\\\/berriak\\\/psikomotrizitate-terapeuta-behar-dugu-edirenen-lan-egiteko\\\/\"},\"wordCount\":58,\"commentCount\":0,\"image\":{\"@id\":\"https:\\\/\\\/www.ediren.com\\\/eu\\\/berriak\\\/psikomotrizitate-terapeuta-behar-dugu-edirenen-lan-egiteko\\\/#primaryimage\"},\"thumbnailUrl\":\"https:\\\/\\\/www.ediren.com\\\/wp-content\\\/uploads\\\/2020\\\/02\\\/Ediren-terapia-psicomotriz.jpg\",\"articleSection\":[\"Berriak\"],\"inLanguage\":\"eu-ES\",\"potentialAction\":[{\"@type\":\"CommentAction\",\"name\":\"Comment\",\"target\":[\"https:\\\/\\\/www.ediren.com\\\/eu\\\/berriak\\\/psikomotrizitate-terapeuta-behar-dugu-edirenen-lan-egiteko\\\/#respond\"]}]},{\"@type\":[\"WebPage\",\"ItemPage\"],\"@id\":\"https:\\\/\\\/www.ediren.com\\\/eu\\\/berriak\\\/psikomotrizitate-terapeuta-behar-dugu-edirenen-lan-egiteko\\\/\",\"url\":\"https:\\\/\\\/www.ediren.com\\\/eu\\\/berriak\\\/psikomotrizitate-terapeuta-behar-dugu-edirenen-lan-egiteko\\\/\",\"name\":\"Psikomotrizitate-terapeuta behar dugu Edirenen lan egiteko.\",\"isPartOf\":{\"@id\":\"https:\\\/\\\/www.ediren.com\\\/eu\\\/#website\"},\"primaryImageOfPage\":{\"@id\":\"https:\\\/\\\/www.ediren.com\\\/eu\\\/berriak\\\/psikomotrizitate-terapeuta-behar-dugu-edirenen-lan-egiteko\\\/#primaryimage\"},\"image\":{\"@id\":\"https:\\\/\\\/www.ediren.com\\\/eu\\\/berriak\\\/psikomotrizitate-terapeuta-behar-dugu-edirenen-lan-egiteko\\\/#primaryimage\"},\"thumbnailUrl\":\"https:\\\/\\\/www.ediren.com\\\/wp-content\\\/uploads\\\/2020\\\/02\\\/Ediren-terapia-psicomotriz.jpg\",\"datePublished\":\"2020-06-22T11:05:26+00:00\",\"dateModified\":\"2021-11-03T11:06:07+00:00\",\"author\":{\"@id\":\"https:\\\/\\\/www.ediren.com\\\/eu\\\/#\\\/schema\\\/person\\\/3611d04167eca3fef669d638c900d126\"},\"description\":\"Ediren, Centro de Psicoterapia y Psic\u00f3logos, especialistas en rehabilitaci\u00f3n y en psicolog\u00eda. Psikomotrizitate-terapeuta behar dugu Edirenen lan egiteko.\",\"breadcrumb\":{\"@id\":\"https:\\\/\\\/www.ediren.com\\\/eu\\\/berriak\\\/psikomotrizitate-terapeuta-behar-dugu-edirenen-lan-egiteko\\\/#breadcrumb\"},\"inLanguage\":\"eu-ES\",\"potentialAction\":[{\"@type\":\"ReadAction\",\"target\":[\"https:\\\/\\\/www.ediren.com\\\/eu\\\/berriak\\\/psikomotrizitate-terapeuta-behar-dugu-edirenen-lan-egiteko\\\/\"]}]},{\"@type\":\"ImageObject\",\"inLanguage\":\"eu-ES\",\"@id\":\"https:\\\/\\\/www.ediren.com\\\/eu\\\/berriak\\\/psikomotrizitate-terapeuta-behar-dugu-edirenen-lan-egiteko\\\/#primaryimage\",\"url\":\"https:\\\/\\\/www.ediren.com\\\/wp-content\\\/uploads\\\/2020\\\/02\\\/Ediren-terapia-psicomotriz.jpg\",\"contentUrl\":\"https:\\\/\\\/www.ediren.com\\\/wp-content\\\/uploads\\\/2020\\\/02\\\/Ediren-terapia-psicomotriz.jpg\",\"width\":720,\"height\":480},{\"@type\":\"BreadcrumbList\",\"@id\":\"https:\\\/\\\/www.ediren.com\\\/eu\\\/berriak\\\/psikomotrizitate-terapeuta-behar-dugu-edirenen-lan-egiteko\\\/#breadcrumb\",\"itemListElement\":[{\"@type\":\"ListItem\",\"position\":1,\"name\":\"Portada\",\"item\":\"https:\\\/\\\/www.ediren.com\\\/eu\\\/hasiera\\\/\"},{\"@type\":\"ListItem\",\"position\":2,\"name\":\"Psikomotrizitate-terapeuta behar dugu Edirenen lan egiteko.\"}]},{\"@type\":\"WebSite\",\"@id\":\"https:\\\/\\\/www.ediren.com\\\/eu\\\/#website\",\"url\":\"https:\\\/\\\/www.ediren.com\\\/eu\\\/\",\"name\":\"Ediren\",\"description\":\"Cooperativa de Salud\",\"potentialAction\":[{\"@type\":\"SearchAction\",\"target\":{\"@type\":\"EntryPoint\",\"urlTemplate\":\"https:\\\/\\\/www.ediren.com\\\/eu\\\/?s={search_term_string}\"},\"query-input\":{\"@type\":\"PropertyValueSpecification\",\"valueRequired\":true,\"valueName\":\"search_term_string\"}}],\"inLanguage\":\"eu-ES\"},{\"@type\":\"Person\",\"@id\":\"https:\\\/\\\/www.ediren.com\\\/eu\\\/#\\\/schema\\\/person\\\/3611d04167eca3fef669d638c900d126\",\"name\":\"ediren\",\"image\":{\"@type\":\"ImageObject\",\"inLanguage\":\"eu-ES\",\"@id\":\"https:\\\/\\\/secure.gravatar.com\\\/avatar\\\/f8d44f1152fb94c746ebb6a040cb31fdde0a786d91c7dace04683d793e9ba10c?s=96&d=mm&r=g\",\"url\":\"https:\\\/\\\/secure.gravatar.com\\\/avatar\\\/f8d44f1152fb94c746ebb6a040cb31fdde0a786d91c7dace04683d793e9ba10c?s=96&d=mm&r=g\",\"contentUrl\":\"https:\\\/\\\/secure.gravatar.com\\\/avatar\\\/f8d44f1152fb94c746ebb6a040cb31fdde0a786d91c7dace04683d793e9ba10c?s=96&d=mm&r=g\",\"caption\":\"ediren\"},\"url\":\"https:\\\/\\\/www.ediren.com\\\/eu\\\/perfil\\\/centro-ediren\\\/\"}]}<\/script>\n<!-- \/ Yoast SEO plugin. -->","yoast_head_json":{"title":"Psikomotrizitate-terapeuta behar dugu Edirenen lan egiteko.","description":"Ediren, Centro de Psicoterapia y Psic\u00f3logos, especialistas en rehabilitaci\u00f3n y en psicolog\u00eda. Psikomotrizitate-terapeuta behar dugu Edirenen lan egiteko.","robots":{"index":"noindex","follow":"follow"},"og_locale":"eu_ES","og_type":"article","og_title":"Psikomotrizitate-terapeuta behar dugu Edirenen lan egiteko.","og_description":"Ediren, Centro de Psicoterapia y Psic\u00f3logos, especialistas en rehabilitaci\u00f3n y en psicolog\u00eda. Psikomotrizitate-terapeuta behar dugu Edirenen lan egiteko.","og_url":"https:\/\/www.ediren.com\/eu\/berriak\/psikomotrizitate-terapeuta-behar-dugu-edirenen-lan-egiteko\/","og_site_name":"Ediren","article_publisher":"https:\/\/www.facebook.com\/pages\/Ediren-SALUD\/298201266858043","article_published_time":"2020-06-22T11:05:26+00:00","article_modified_time":"2021-11-03T11:06:07+00:00","og_image":[{"width":720,"height":480,"url":"https:\/\/www.ediren.com\/wp-content\/uploads\/2020\/02\/Ediren-terapia-psicomotriz.jpg","type":"image\/jpeg"}],"author":"ediren","twitter_card":"summary_large_image","twitter_creator":"@edirensalud","twitter_site":"@edirensalud","twitter_misc":{"Written by":"ediren"},"schema":{"@context":"https:\/\/schema.org","@graph":[{"@type":["Article","BlogPosting"],"@id":"https:\/\/www.ediren.com\/eu\/berriak\/psikomotrizitate-terapeuta-behar-dugu-edirenen-lan-egiteko\/#article","isPartOf":{"@id":"https:\/\/www.ediren.com\/eu\/berriak\/psikomotrizitate-terapeuta-behar-dugu-edirenen-lan-egiteko\/"},"author":{"name":"ediren","@id":"https:\/\/www.ediren.com\/eu\/#\/schema\/person\/3611d04167eca3fef669d638c900d126"},"headline":"Psikomotrizitate-terapeuta behar dugu Edirenen lan egiteko.","datePublished":"2020-06-22T11:05:26+00:00","dateModified":"2021-11-03T11:06:07+00:00","mainEntityOfPage":{"@id":"https:\/\/www.ediren.com\/eu\/berriak\/psikomotrizitate-terapeuta-behar-dugu-edirenen-lan-egiteko\/"},"wordCount":58,"commentCount":0,"image":{"@id":"https:\/\/www.ediren.com\/eu\/berriak\/psikomotrizitate-terapeuta-behar-dugu-edirenen-lan-egiteko\/#primaryimage"},"thumbnailUrl":"https:\/\/www.ediren.com\/wp-content\/uploads\/2020\/02\/Ediren-terapia-psicomotriz.jpg","articleSection":["Berriak"],"inLanguage":"eu-ES","potentialAction":[{"@type":"CommentAction","name":"Comment","target":["https:\/\/www.ediren.com\/eu\/berriak\/psikomotrizitate-terapeuta-behar-dugu-edirenen-lan-egiteko\/#respond"]}]},{"@type":["WebPage","ItemPage"],"@id":"https:\/\/www.ediren.com\/eu\/berriak\/psikomotrizitate-terapeuta-behar-dugu-edirenen-lan-egiteko\/","url":"https:\/\/www.ediren.com\/eu\/berriak\/psikomotrizitate-terapeuta-behar-dugu-edirenen-lan-egiteko\/","name":"Psikomotrizitate-terapeuta behar dugu Edirenen lan egiteko.","isPartOf":{"@id":"https:\/\/www.ediren.com\/eu\/#website"},"primaryImageOfPage":{"@id":"https:\/\/www.ediren.com\/eu\/berriak\/psikomotrizitate-terapeuta-behar-dugu-edirenen-lan-egiteko\/#primaryimage"},"image":{"@id":"https:\/\/www.ediren.com\/eu\/berriak\/psikomotrizitate-terapeuta-behar-dugu-edirenen-lan-egiteko\/#primaryimage"},"thumbnailUrl":"https:\/\/www.ediren.com\/wp-content\/uploads\/2020\/02\/Ediren-terapia-psicomotriz.jpg","datePublished":"2020-06-22T11:05:26+00:00","dateModified":"2021-11-03T11:06:07+00:00","author":{"@id":"https:\/\/www.ediren.com\/eu\/#\/schema\/person\/3611d04167eca3fef669d638c900d126"},"description":"Ediren, Centro de Psicoterapia y Psic\u00f3logos, especialistas en rehabilitaci\u00f3n y en psicolog\u00eda. Psikomotrizitate-terapeuta behar dugu Edirenen lan egiteko.","breadcrumb":{"@id":"https:\/\/www.ediren.com\/eu\/berriak\/psikomotrizitate-terapeuta-behar-dugu-edirenen-lan-egiteko\/#breadcrumb"},"inLanguage":"eu-ES","potentialAction":[{"@type":"ReadAction","target":["https:\/\/www.ediren.com\/eu\/berriak\/psikomotrizitate-terapeuta-behar-dugu-edirenen-lan-egiteko\/"]}]},{"@type":"ImageObject","inLanguage":"eu-ES","@id":"https:\/\/www.ediren.com\/eu\/berriak\/psikomotrizitate-terapeuta-behar-dugu-edirenen-lan-egiteko\/#primaryimage","url":"https:\/\/www.ediren.com\/wp-content\/uploads\/2020\/02\/Ediren-terapia-psicomotriz.jpg","contentUrl":"https:\/\/www.ediren.com\/wp-content\/uploads\/2020\/02\/Ediren-terapia-psicomotriz.jpg","width":720,"height":480},{"@type":"BreadcrumbList","@id":"https:\/\/www.ediren.com\/eu\/berriak\/psikomotrizitate-terapeuta-behar-dugu-edirenen-lan-egiteko\/#breadcrumb","itemListElement":[{"@type":"ListItem","position":1,"name":"Portada","item":"https:\/\/www.ediren.com\/eu\/hasiera\/"},{"@type":"ListItem","position":2,"name":"Psikomotrizitate-terapeuta behar dugu Edirenen lan egiteko."}]},{"@type":"WebSite","@id":"https:\/\/www.ediren.com\/eu\/#website","url":"https:\/\/www.ediren.com\/eu\/","name":"Ediren","description":"Cooperativa de Salud","potentialAction":[{"@type":"SearchAction","target":{"@type":"EntryPoint","urlTemplate":"https:\/\/www.ediren.com\/eu\/?s={search_term_string}"},"query-input":{"@type":"PropertyValueSpecification","valueRequired":true,"valueName":"search_term_string"}}],"inLanguage":"eu-ES"},{"@type":"Person","@id":"https:\/\/www.ediren.com\/eu\/#\/schema\/person\/3611d04167eca3fef669d638c900d126","name":"ediren","image":{"@type":"ImageObject","inLanguage":"eu-ES","@id":"https:\/\/secure.gravatar.com\/avatar\/f8d44f1152fb94c746ebb6a040cb31fdde0a786d91c7dace04683d793e9ba10c?s=96&d=mm&r=g","url":"https:\/\/secure.gravatar.com\/avatar\/f8d44f1152fb94c746ebb6a040cb31fdde0a786d91c7dace04683d793e9ba10c?s=96&d=mm&r=g","contentUrl":"https:\/\/secure.gravatar.com\/avatar\/f8d44f1152fb94c746ebb6a040cb31fdde0a786d91c7dace04683d793e9ba10c?s=96&d=mm&r=g","caption":"ediren"},"url":"https:\/\/www.ediren.com\/eu\/perfil\/centro-ediren\/"}]}},"_links":{"self":[{"href":"https:\/\/www.ediren.com\/eu\/wp-json\/wp\/v2\/posts\/7633","targetHints":{"allow":["GET"]}}],"collection":[{"href":"https:\/\/www.ediren.com\/eu\/wp-json\/wp\/v2\/posts"}],"about":[{"href":"https:\/\/www.ediren.com\/eu\/wp-json\/wp\/v2\/types\/post"}],"author":[{"embeddable":true,"href":"https:\/\/www.ediren.com\/eu\/wp-json\/wp\/v2\/users\/3"}],"replies":[{"embeddable":true,"href":"https:\/\/www.ediren.com\/eu\/wp-json\/wp\/v2\/comments?post=7633"}],"version-history":[{"count":0,"href":"https:\/\/www.ediren.com\/eu\/wp-json\/wp\/v2\/posts\/7633\/revisions"}],"wp:featuredmedia":[{"embeddable":true,"href":"https:\/\/www.ediren.com\/eu\/wp-json\/wp\/v2\/media\/6903"}],"wp:attachment":[{"href":"https:\/\/www.ediren.com\/eu\/wp-json\/wp\/v2\/media?parent=7633"}],"wp:term":[{"taxonomy":"category","embeddable":true,"href":"https:\/\/www.ediren.com\/eu\/wp-json\/wp\/v2\/categories?post=7633"},{"taxonomy":"post_tag","embeddable":true,"href":"https:\/\/www.ediren.com\/eu\/wp-json\/wp\/v2\/tags?post=7633"}],"curies":[{"name":"wp","href":"https:\/\/api.w.org\/{rel}","templated":true}]}}