{"id":7696,"date":"2020-07-21T13:24:19","date_gmt":"2020-07-21T11:24:19","guid":{"rendered":"https:\/\/www.ediren.com\/?p=7696"},"modified":"2020-07-23T10:48:18","modified_gmt":"2020-07-23T08:48:18","slug":"kooperatibismoa-eta-covid","status":"publish","type":"post","link":"https:\/\/www.ediren.com\/eu\/berriak\/kooperatibismoa-eta-covid\/","title":{"rendered":"Kooperatibismoa eta Covid"},"content":{"rendered":"<p>Zuen interesekoa izango delakoan, Euskadiko Kooperatiben Goren Kontseiluak (CSCE-EKGK) prestatu dituen hiru bideo bidaltzen dizkizuegu. Bertan, Euskadiko Kooperatibetako zenbait arduradunek COVID-19aren ondoriozko egoera nola bizi izan duten azaltzen digute, baita egungo egoeran dituzten erronkak eta kezkak ere.<br \/>\nBideoek ahotsa ematen diete kooperatibei, bizitako esperientziaz gain lortutako ikaskuntzen berri eman diezaguten, bai enpresa-eredu kooperatiboan lan egiteagatik izan dituzten onuraz ere.<br \/>\nBaliagarrik izango zaizkizun itxaropenean, har ezazu agur bero bat.<\/p>\n<p><iframe src=\"https:\/\/www.youtube.com\/embed\/UeBgFEOUL2k\" width=\"560\" height=\"315\" frameborder=\"0\" allowfullscreen=\"allowfullscreen\"><\/iframe><br \/>\n<iframe src=\"https:\/\/www.youtube.com\/embed\/aj87gzMzy5A\" width=\"560\" height=\"315\" frameborder=\"0\" allowfullscreen=\"allowfullscreen\"><\/iframe><br \/>\n<iframe src=\"https:\/\/www.youtube.com\/embed\/jmdKs0H6hys\" width=\"560\" height=\"315\" frameborder=\"0\" allowfullscreen=\"allowfullscreen\"><\/iframe><\/p>\n","protected":false},"excerpt":{"rendered":"<p>Zuen interesekoa izango delakoan, Euskadiko Kooperatiben Goren Kontseiluak (CSCE-EKGK) prestatu dituen hiru bideo bidaltzen dizkizuegu. Bertan, Euskadiko Kooperatibetako zenbait arduradunek COVID-19aren ondoriozko egoera nola bizi izan duten azaltzen digute, baita egungo egoeran dituzten erronkak eta kezkak ere. Bideoek ahotsa ematen diete kooperatibei, bizitako esperientziaz gain lortutako ikaskuntzen berri eman diezaguten, bai enpresa-eredu kooperatiboan lan egiteagatik [&hellip;]<\/p>\n","protected":false},"author":3,"featured_media":7700,"comment_status":"open","ping_status":"closed","sticky":false,"template":"","format":"standard","meta":{"_genesis_hide_title":false,"_genesis_hide_breadcrumbs":false,"_genesis_hide_singular_image":false,"_genesis_hide_footer_widgets":false,"_genesis_custom_body_class":"","_genesis_custom_post_class":"","_genesis_layout":"","footnotes":""},"categories":[45],"tags":[],"class_list":{"0":"post-7696","1":"post","2":"type-post","3":"status-publish","4":"format-standard","5":"has-post-thumbnail","7":"category-berriak","8":"entry"},"yoast_head":"<!-- This site is optimized with the Yoast SEO plugin v27.4 - https:\/\/yoast.com\/product\/yoast-seo-wordpress\/ -->\n<title>Kooperatibismoa eta Covid - Centro de Psicoterapia y Fisioterapia<\/title>\n<meta name=\"description\" content=\"Ediren, Centro de Psicoterapia y Psic\u00f3logos, especialistas en rehabilitaci\u00f3n y en psicolog\u00eda. Kooperatibismoa eta Covid\" \/>\n<meta name=\"robots\" content=\"index, follow, max-snippet:-1, max-image-preview:large, max-video-preview:-1\" \/>\n<link rel=\"canonical\" href=\"https:\/\/www.ediren.com\/eu\/berriak\/kooperatibismoa-eta-covid\/\" \/>\n<meta property=\"og:locale\" content=\"eu_ES\" \/>\n<meta property=\"og:type\" content=\"article\" \/>\n<meta property=\"og:title\" content=\"Kooperatibismoa eta Covid - Centro de Psicoterapia y Fisioterapia\" \/>\n<meta property=\"og:description\" content=\"Ediren, Centro de Psicoterapia y Psic\u00f3logos, especialistas en rehabilitaci\u00f3n y en psicolog\u00eda. Kooperatibismoa eta Covid\" \/>\n<meta property=\"og:url\" content=\"https:\/\/www.ediren.com\/eu\/berriak\/kooperatibismoa-eta-covid\/\" \/>\n<meta property=\"og:site_name\" content=\"Ediren\" \/>\n<meta property=\"article:publisher\" content=\"https:\/\/www.facebook.com\/pages\/Ediren-SALUD\/298201266858043\" \/>\n<meta property=\"article:published_time\" content=\"2020-07-21T11:24:19+00:00\" \/>\n<meta property=\"article:modified_time\" content=\"2020-07-23T08:48:18+00:00\" \/>\n<meta property=\"og:image\" content=\"https:\/\/www.ediren.com\/wp-content\/uploads\/2020\/07\/Cooperativismo-y-Covid.jpg\" \/>\n\t<meta property=\"og:image:width\" content=\"457\" \/>\n\t<meta property=\"og:image:height\" content=\"200\" \/>\n\t<meta property=\"og:image:type\" content=\"image\/jpeg\" \/>\n<meta name=\"author\" content=\"ediren\" \/>\n<meta name=\"twitter:card\" content=\"summary_large_image\" \/>\n<meta name=\"twitter:creator\" content=\"@edirensalud\" \/>\n<meta name=\"twitter:site\" content=\"@edirensalud\" \/>\n<meta name=\"twitter:label1\" content=\"Written by\" \/>\n\t<meta name=\"twitter:data1\" content=\"ediren\" \/>\n<script type=\"application\/ld+json\" class=\"yoast-schema-graph\">{\"@context\":\"https:\\\/\\\/schema.org\",\"@graph\":[{\"@type\":[\"Article\",\"BlogPosting\"],\"@id\":\"https:\\\/\\\/www.ediren.com\\\/eu\\\/berriak\\\/kooperatibismoa-eta-covid\\\/#article\",\"isPartOf\":{\"@id\":\"https:\\\/\\\/www.ediren.com\\\/eu\\\/berriak\\\/kooperatibismoa-eta-covid\\\/\"},\"author\":{\"name\":\"ediren\",\"@id\":\"https:\\\/\\\/www.ediren.com\\\/eu\\\/#\\\/schema\\\/person\\\/3611d04167eca3fef669d638c900d126\"},\"headline\":\"Kooperatibismoa eta Covid\",\"datePublished\":\"2020-07-21T11:24:19+00:00\",\"dateModified\":\"2020-07-23T08:48:18+00:00\",\"mainEntityOfPage\":{\"@id\":\"https:\\\/\\\/www.ediren.com\\\/eu\\\/berriak\\\/kooperatibismoa-eta-covid\\\/\"},\"wordCount\":72,\"commentCount\":0,\"image\":{\"@id\":\"https:\\\/\\\/www.ediren.com\\\/eu\\\/berriak\\\/kooperatibismoa-eta-covid\\\/#primaryimage\"},\"thumbnailUrl\":\"https:\\\/\\\/www.ediren.com\\\/wp-content\\\/uploads\\\/2020\\\/07\\\/Cooperativismo-y-Covid.jpg\",\"articleSection\":[\"Berriak\"],\"inLanguage\":\"eu-ES\",\"potentialAction\":[{\"@type\":\"CommentAction\",\"name\":\"Comment\",\"target\":[\"https:\\\/\\\/www.ediren.com\\\/eu\\\/berriak\\\/kooperatibismoa-eta-covid\\\/#respond\"]}]},{\"@type\":[\"WebPage\",\"ItemPage\"],\"@id\":\"https:\\\/\\\/www.ediren.com\\\/eu\\\/berriak\\\/kooperatibismoa-eta-covid\\\/\",\"url\":\"https:\\\/\\\/www.ediren.com\\\/eu\\\/berriak\\\/kooperatibismoa-eta-covid\\\/\",\"name\":\"Kooperatibismoa eta Covid - Centro de Psicoterapia y Fisioterapia\",\"isPartOf\":{\"@id\":\"https:\\\/\\\/www.ediren.com\\\/eu\\\/#website\"},\"primaryImageOfPage\":{\"@id\":\"https:\\\/\\\/www.ediren.com\\\/eu\\\/berriak\\\/kooperatibismoa-eta-covid\\\/#primaryimage\"},\"image\":{\"@id\":\"https:\\\/\\\/www.ediren.com\\\/eu\\\/berriak\\\/kooperatibismoa-eta-covid\\\/#primaryimage\"},\"thumbnailUrl\":\"https:\\\/\\\/www.ediren.com\\\/wp-content\\\/uploads\\\/2020\\\/07\\\/Cooperativismo-y-Covid.jpg\",\"datePublished\":\"2020-07-21T11:24:19+00:00\",\"dateModified\":\"2020-07-23T08:48:18+00:00\",\"author\":{\"@id\":\"https:\\\/\\\/www.ediren.com\\\/eu\\\/#\\\/schema\\\/person\\\/3611d04167eca3fef669d638c900d126\"},\"description\":\"Ediren, Centro de Psicoterapia y Psic\u00f3logos, especialistas en rehabilitaci\u00f3n y en psicolog\u00eda. Kooperatibismoa eta Covid\",\"breadcrumb\":{\"@id\":\"https:\\\/\\\/www.ediren.com\\\/eu\\\/berriak\\\/kooperatibismoa-eta-covid\\\/#breadcrumb\"},\"inLanguage\":\"eu-ES\",\"potentialAction\":[{\"@type\":\"ReadAction\",\"target\":[\"https:\\\/\\\/www.ediren.com\\\/eu\\\/berriak\\\/kooperatibismoa-eta-covid\\\/\"]}]},{\"@type\":\"ImageObject\",\"inLanguage\":\"eu-ES\",\"@id\":\"https:\\\/\\\/www.ediren.com\\\/eu\\\/berriak\\\/kooperatibismoa-eta-covid\\\/#primaryimage\",\"url\":\"https:\\\/\\\/www.ediren.com\\\/wp-content\\\/uploads\\\/2020\\\/07\\\/Cooperativismo-y-Covid.jpg\",\"contentUrl\":\"https:\\\/\\\/www.ediren.com\\\/wp-content\\\/uploads\\\/2020\\\/07\\\/Cooperativismo-y-Covid.jpg\",\"width\":457,\"height\":200},{\"@type\":\"BreadcrumbList\",\"@id\":\"https:\\\/\\\/www.ediren.com\\\/eu\\\/berriak\\\/kooperatibismoa-eta-covid\\\/#breadcrumb\",\"itemListElement\":[{\"@type\":\"ListItem\",\"position\":1,\"name\":\"Portada\",\"item\":\"https:\\\/\\\/www.ediren.com\\\/eu\\\/hasiera\\\/\"},{\"@type\":\"ListItem\",\"position\":2,\"name\":\"Kooperatibismoa eta Covid\"}]},{\"@type\":\"WebSite\",\"@id\":\"https:\\\/\\\/www.ediren.com\\\/eu\\\/#website\",\"url\":\"https:\\\/\\\/www.ediren.com\\\/eu\\\/\",\"name\":\"Ediren\",\"description\":\"Cooperativa de Salud\",\"potentialAction\":[{\"@type\":\"SearchAction\",\"target\":{\"@type\":\"EntryPoint\",\"urlTemplate\":\"https:\\\/\\\/www.ediren.com\\\/eu\\\/?s={search_term_string}\"},\"query-input\":{\"@type\":\"PropertyValueSpecification\",\"valueRequired\":true,\"valueName\":\"search_term_string\"}}],\"inLanguage\":\"eu-ES\"},{\"@type\":\"Person\",\"@id\":\"https:\\\/\\\/www.ediren.com\\\/eu\\\/#\\\/schema\\\/person\\\/3611d04167eca3fef669d638c900d126\",\"name\":\"ediren\",\"image\":{\"@type\":\"ImageObject\",\"inLanguage\":\"eu-ES\",\"@id\":\"https:\\\/\\\/secure.gravatar.com\\\/avatar\\\/f8d44f1152fb94c746ebb6a040cb31fdde0a786d91c7dace04683d793e9ba10c?s=96&d=mm&r=g\",\"url\":\"https:\\\/\\\/secure.gravatar.com\\\/avatar\\\/f8d44f1152fb94c746ebb6a040cb31fdde0a786d91c7dace04683d793e9ba10c?s=96&d=mm&r=g\",\"contentUrl\":\"https:\\\/\\\/secure.gravatar.com\\\/avatar\\\/f8d44f1152fb94c746ebb6a040cb31fdde0a786d91c7dace04683d793e9ba10c?s=96&d=mm&r=g\",\"caption\":\"ediren\"},\"url\":\"https:\\\/\\\/www.ediren.com\\\/eu\\\/perfil\\\/centro-ediren\\\/\"}]}<\/script>\n<!-- \/ Yoast SEO plugin. -->","yoast_head_json":{"title":"Kooperatibismoa eta Covid - Centro de Psicoterapia y Fisioterapia","description":"Ediren, Centro de Psicoterapia y Psic\u00f3logos, especialistas en rehabilitaci\u00f3n y en psicolog\u00eda. Kooperatibismoa eta Covid","robots":{"index":"index","follow":"follow","max-snippet":"max-snippet:-1","max-image-preview":"max-image-preview:large","max-video-preview":"max-video-preview:-1"},"canonical":"https:\/\/www.ediren.com\/eu\/berriak\/kooperatibismoa-eta-covid\/","og_locale":"eu_ES","og_type":"article","og_title":"Kooperatibismoa eta Covid - Centro de Psicoterapia y Fisioterapia","og_description":"Ediren, Centro de Psicoterapia y Psic\u00f3logos, especialistas en rehabilitaci\u00f3n y en psicolog\u00eda. Kooperatibismoa eta Covid","og_url":"https:\/\/www.ediren.com\/eu\/berriak\/kooperatibismoa-eta-covid\/","og_site_name":"Ediren","article_publisher":"https:\/\/www.facebook.com\/pages\/Ediren-SALUD\/298201266858043","article_published_time":"2020-07-21T11:24:19+00:00","article_modified_time":"2020-07-23T08:48:18+00:00","og_image":[{"width":457,"height":200,"url":"https:\/\/www.ediren.com\/wp-content\/uploads\/2020\/07\/Cooperativismo-y-Covid.jpg","type":"image\/jpeg"}],"author":"ediren","twitter_card":"summary_large_image","twitter_creator":"@edirensalud","twitter_site":"@edirensalud","twitter_misc":{"Written by":"ediren"},"schema":{"@context":"https:\/\/schema.org","@graph":[{"@type":["Article","BlogPosting"],"@id":"https:\/\/www.ediren.com\/eu\/berriak\/kooperatibismoa-eta-covid\/#article","isPartOf":{"@id":"https:\/\/www.ediren.com\/eu\/berriak\/kooperatibismoa-eta-covid\/"},"author":{"name":"ediren","@id":"https:\/\/www.ediren.com\/eu\/#\/schema\/person\/3611d04167eca3fef669d638c900d126"},"headline":"Kooperatibismoa eta Covid","datePublished":"2020-07-21T11:24:19+00:00","dateModified":"2020-07-23T08:48:18+00:00","mainEntityOfPage":{"@id":"https:\/\/www.ediren.com\/eu\/berriak\/kooperatibismoa-eta-covid\/"},"wordCount":72,"commentCount":0,"image":{"@id":"https:\/\/www.ediren.com\/eu\/berriak\/kooperatibismoa-eta-covid\/#primaryimage"},"thumbnailUrl":"https:\/\/www.ediren.com\/wp-content\/uploads\/2020\/07\/Cooperativismo-y-Covid.jpg","articleSection":["Berriak"],"inLanguage":"eu-ES","potentialAction":[{"@type":"CommentAction","name":"Comment","target":["https:\/\/www.ediren.com\/eu\/berriak\/kooperatibismoa-eta-covid\/#respond"]}]},{"@type":["WebPage","ItemPage"],"@id":"https:\/\/www.ediren.com\/eu\/berriak\/kooperatibismoa-eta-covid\/","url":"https:\/\/www.ediren.com\/eu\/berriak\/kooperatibismoa-eta-covid\/","name":"Kooperatibismoa eta Covid - Centro de Psicoterapia y Fisioterapia","isPartOf":{"@id":"https:\/\/www.ediren.com\/eu\/#website"},"primaryImageOfPage":{"@id":"https:\/\/www.ediren.com\/eu\/berriak\/kooperatibismoa-eta-covid\/#primaryimage"},"image":{"@id":"https:\/\/www.ediren.com\/eu\/berriak\/kooperatibismoa-eta-covid\/#primaryimage"},"thumbnailUrl":"https:\/\/www.ediren.com\/wp-content\/uploads\/2020\/07\/Cooperativismo-y-Covid.jpg","datePublished":"2020-07-21T11:24:19+00:00","dateModified":"2020-07-23T08:48:18+00:00","author":{"@id":"https:\/\/www.ediren.com\/eu\/#\/schema\/person\/3611d04167eca3fef669d638c900d126"},"description":"Ediren, Centro de Psicoterapia y Psic\u00f3logos, especialistas en rehabilitaci\u00f3n y en psicolog\u00eda. Kooperatibismoa eta Covid","breadcrumb":{"@id":"https:\/\/www.ediren.com\/eu\/berriak\/kooperatibismoa-eta-covid\/#breadcrumb"},"inLanguage":"eu-ES","potentialAction":[{"@type":"ReadAction","target":["https:\/\/www.ediren.com\/eu\/berriak\/kooperatibismoa-eta-covid\/"]}]},{"@type":"ImageObject","inLanguage":"eu-ES","@id":"https:\/\/www.ediren.com\/eu\/berriak\/kooperatibismoa-eta-covid\/#primaryimage","url":"https:\/\/www.ediren.com\/wp-content\/uploads\/2020\/07\/Cooperativismo-y-Covid.jpg","contentUrl":"https:\/\/www.ediren.com\/wp-content\/uploads\/2020\/07\/Cooperativismo-y-Covid.jpg","width":457,"height":200},{"@type":"BreadcrumbList","@id":"https:\/\/www.ediren.com\/eu\/berriak\/kooperatibismoa-eta-covid\/#breadcrumb","itemListElement":[{"@type":"ListItem","position":1,"name":"Portada","item":"https:\/\/www.ediren.com\/eu\/hasiera\/"},{"@type":"ListItem","position":2,"name":"Kooperatibismoa eta Covid"}]},{"@type":"WebSite","@id":"https:\/\/www.ediren.com\/eu\/#website","url":"https:\/\/www.ediren.com\/eu\/","name":"Ediren","description":"Cooperativa de Salud","potentialAction":[{"@type":"SearchAction","target":{"@type":"EntryPoint","urlTemplate":"https:\/\/www.ediren.com\/eu\/?s={search_term_string}"},"query-input":{"@type":"PropertyValueSpecification","valueRequired":true,"valueName":"search_term_string"}}],"inLanguage":"eu-ES"},{"@type":"Person","@id":"https:\/\/www.ediren.com\/eu\/#\/schema\/person\/3611d04167eca3fef669d638c900d126","name":"ediren","image":{"@type":"ImageObject","inLanguage":"eu-ES","@id":"https:\/\/secure.gravatar.com\/avatar\/f8d44f1152fb94c746ebb6a040cb31fdde0a786d91c7dace04683d793e9ba10c?s=96&d=mm&r=g","url":"https:\/\/secure.gravatar.com\/avatar\/f8d44f1152fb94c746ebb6a040cb31fdde0a786d91c7dace04683d793e9ba10c?s=96&d=mm&r=g","contentUrl":"https:\/\/secure.gravatar.com\/avatar\/f8d44f1152fb94c746ebb6a040cb31fdde0a786d91c7dace04683d793e9ba10c?s=96&d=mm&r=g","caption":"ediren"},"url":"https:\/\/www.ediren.com\/eu\/perfil\/centro-ediren\/"}]}},"_links":{"self":[{"href":"https:\/\/www.ediren.com\/eu\/wp-json\/wp\/v2\/posts\/7696","targetHints":{"allow":["GET"]}}],"collection":[{"href":"https:\/\/www.ediren.com\/eu\/wp-json\/wp\/v2\/posts"}],"about":[{"href":"https:\/\/www.ediren.com\/eu\/wp-json\/wp\/v2\/types\/post"}],"author":[{"embeddable":true,"href":"https:\/\/www.ediren.com\/eu\/wp-json\/wp\/v2\/users\/3"}],"replies":[{"embeddable":true,"href":"https:\/\/www.ediren.com\/eu\/wp-json\/wp\/v2\/comments?post=7696"}],"version-history":[{"count":0,"href":"https:\/\/www.ediren.com\/eu\/wp-json\/wp\/v2\/posts\/7696\/revisions"}],"wp:featuredmedia":[{"embeddable":true,"href":"https:\/\/www.ediren.com\/eu\/wp-json\/wp\/v2\/media\/7700"}],"wp:attachment":[{"href":"https:\/\/www.ediren.com\/eu\/wp-json\/wp\/v2\/media?parent=7696"}],"wp:term":[{"taxonomy":"category","embeddable":true,"href":"https:\/\/www.ediren.com\/eu\/wp-json\/wp\/v2\/categories?post=7696"},{"taxonomy":"post_tag","embeddable":true,"href":"https:\/\/www.ediren.com\/eu\/wp-json\/wp\/v2\/tags?post=7696"}],"curies":[{"name":"wp","href":"https:\/\/api.w.org\/{rel}","templated":true}]}}