{"id":7708,"date":"2020-07-23T10:11:28","date_gmt":"2020-07-23T08:11:28","guid":{"rendered":"https:\/\/www.ediren.com\/?p=7708"},"modified":"2020-07-23T10:53:46","modified_gmt":"2020-07-23T08:53:46","slug":"merezitako-atsedena","status":"publish","type":"post","link":"https:\/\/www.ediren.com\/eu\/berriak\/merezitako-atsedena\/","title":{"rendered":"Merezitako atsedena&#8230;"},"content":{"rendered":"<p><strong>Ediren-ek ateak itxiko ditu abuztuaren 1etik 15era; gainerako egunetan zure zerbitzura egongo gara.<\/strong><\/p>\n<p>Ohiz kanpoko hilabeteak izan dira, hilabete zailak\u2026 Denbora-tarte laburrean gertatu den guztiak nabarmen markatu ditu gure bizitzak. Egoera berrira egokitu behar izan dugu; aldaketa asko egin behar izaten ari gara horretarako, eta higadura fisiko eta emozional handia eragin digu lanak.<\/p>\n<p>Horregatik, behar-beharrezkoa dugu atseden hartzea eta deskonektatzea, egunerokotasunari indarberrituta aurre egin ahal izateko.<\/p>\n<p>Laster itzuliko gara, berriz ere zure <a href=\"https:\/\/www.ediren.com\/eu\/\">Osasun Fisiko eta Mentala<\/a> hobetzen laguntzeko prest; orain inoiz baino gehiago.<\/p>\n<p>Zuk ere atseden hartzeko eta udaz gozatzeko aukera izan dezazun espero dugu.<\/p>\n<p>Eskerrik asko proiektu hau bultzatzeagatik. Laster arte!<\/p>\n<p>&nbsp;<\/p>\n<p><em>Ediren-i buruz duzun iritzia ezagutu nahiko genuke. Izan ere, zure iruzkinak oso baliagarriak izango dira eskaintzen dizugun laguntza profesionala zure beharrizanetara egokitzen den jakiteko. Lagun iezaguzu hobetzen! Argitaratu iruzkin bat gure Google profilean.<\/em> <a href=\"https:\/\/g.page\/edirensalud\/review?kd\" target=\"_blank\" rel=\"noopener noreferrer\">SAKATU HEMEN<\/a>. <em>Eskerrik asko!<\/em><\/p>\n","protected":false},"excerpt":{"rendered":"<p>Ediren-ek ateak itxiko ditu abuztuaren 1etik 15era; gainerako egunetan zure zerbitzura egongo gara.<\/p>\n","protected":false},"author":3,"featured_media":7706,"comment_status":"open","ping_status":"closed","sticky":false,"template":"","format":"standard","meta":{"_genesis_hide_title":false,"_genesis_hide_breadcrumbs":false,"_genesis_hide_singular_image":false,"_genesis_hide_footer_widgets":false,"_genesis_custom_body_class":"","_genesis_custom_post_class":"","_genesis_layout":"","footnotes":""},"categories":[45],"tags":[],"class_list":{"0":"post-7708","1":"post","2":"type-post","3":"status-publish","4":"format-standard","5":"has-post-thumbnail","7":"category-berriak","8":"entry"},"yoast_head":"<!-- This site is optimized with the Yoast SEO plugin v27.4 - https:\/\/yoast.com\/product\/yoast-seo-wordpress\/ -->\n<title>Merezitako atsedena... - Centro de Psicoterapia y Fisioterapia<\/title>\n<meta name=\"description\" content=\"Ediren, Centro de Psicoterapia y Psic\u00f3logos, especialistas en rehabilitaci\u00f3n y en psicolog\u00eda. Merezitako atsedena...\" \/>\n<meta name=\"robots\" content=\"index, follow, max-snippet:-1, max-image-preview:large, max-video-preview:-1\" \/>\n<link rel=\"canonical\" href=\"https:\/\/www.ediren.com\/eu\/berriak\/merezitako-atsedena\/\" \/>\n<meta property=\"og:locale\" content=\"eu_ES\" \/>\n<meta property=\"og:type\" content=\"article\" \/>\n<meta property=\"og:title\" content=\"Merezitako atsedena... - Centro de Psicoterapia y Fisioterapia\" \/>\n<meta property=\"og:description\" content=\"Ediren, Centro de Psicoterapia y Psic\u00f3logos, especialistas en rehabilitaci\u00f3n y en psicolog\u00eda. Merezitako atsedena...\" \/>\n<meta property=\"og:url\" content=\"https:\/\/www.ediren.com\/eu\/berriak\/merezitako-atsedena\/\" \/>\n<meta property=\"og:site_name\" content=\"Ediren\" \/>\n<meta property=\"article:publisher\" content=\"https:\/\/www.facebook.com\/pages\/Ediren-SALUD\/298201266858043\" \/>\n<meta property=\"article:published_time\" content=\"2020-07-23T08:11:28+00:00\" \/>\n<meta property=\"article:modified_time\" content=\"2020-07-23T08:53:46+00:00\" \/>\n<meta property=\"og:image\" content=\"https:\/\/www.ediren.com\/wp-content\/uploads\/2020\/07\/verano-Ediren.jpg\" \/>\n\t<meta property=\"og:image:width\" content=\"800\" \/>\n\t<meta property=\"og:image:height\" content=\"200\" \/>\n\t<meta property=\"og:image:type\" content=\"image\/jpeg\" \/>\n<meta name=\"author\" content=\"ediren\" \/>\n<meta name=\"twitter:card\" content=\"summary_large_image\" \/>\n<meta name=\"twitter:creator\" content=\"@edirensalud\" \/>\n<meta name=\"twitter:site\" content=\"@edirensalud\" \/>\n<meta name=\"twitter:label1\" content=\"Written by\" \/>\n\t<meta name=\"twitter:data1\" content=\"ediren\" \/>\n\t<meta name=\"twitter:label2\" content=\"Est. reading time\" \/>\n\t<meta name=\"twitter:data2\" content=\"1 minute\" \/>\n<script type=\"application\/ld+json\" class=\"yoast-schema-graph\">{\"@context\":\"https:\\\/\\\/schema.org\",\"@graph\":[{\"@type\":[\"Article\",\"BlogPosting\"],\"@id\":\"https:\\\/\\\/www.ediren.com\\\/eu\\\/berriak\\\/merezitako-atsedena\\\/#article\",\"isPartOf\":{\"@id\":\"https:\\\/\\\/www.ediren.com\\\/eu\\\/berriak\\\/merezitako-atsedena\\\/\"},\"author\":{\"name\":\"ediren\",\"@id\":\"https:\\\/\\\/www.ediren.com\\\/eu\\\/#\\\/schema\\\/person\\\/3611d04167eca3fef669d638c900d126\"},\"headline\":\"Merezitako atsedena&#8230;\",\"datePublished\":\"2020-07-23T08:11:28+00:00\",\"dateModified\":\"2020-07-23T08:53:46+00:00\",\"mainEntityOfPage\":{\"@id\":\"https:\\\/\\\/www.ediren.com\\\/eu\\\/berriak\\\/merezitako-atsedena\\\/\"},\"wordCount\":142,\"commentCount\":0,\"image\":{\"@id\":\"https:\\\/\\\/www.ediren.com\\\/eu\\\/berriak\\\/merezitako-atsedena\\\/#primaryimage\"},\"thumbnailUrl\":\"https:\\\/\\\/www.ediren.com\\\/wp-content\\\/uploads\\\/2020\\\/07\\\/verano-Ediren.jpg\",\"articleSection\":[\"Berriak\"],\"inLanguage\":\"eu-ES\",\"potentialAction\":[{\"@type\":\"CommentAction\",\"name\":\"Comment\",\"target\":[\"https:\\\/\\\/www.ediren.com\\\/eu\\\/berriak\\\/merezitako-atsedena\\\/#respond\"]}]},{\"@type\":[\"WebPage\",\"ItemPage\"],\"@id\":\"https:\\\/\\\/www.ediren.com\\\/eu\\\/berriak\\\/merezitako-atsedena\\\/\",\"url\":\"https:\\\/\\\/www.ediren.com\\\/eu\\\/berriak\\\/merezitako-atsedena\\\/\",\"name\":\"Merezitako atsedena... - Centro de Psicoterapia y Fisioterapia\",\"isPartOf\":{\"@id\":\"https:\\\/\\\/www.ediren.com\\\/eu\\\/#website\"},\"primaryImageOfPage\":{\"@id\":\"https:\\\/\\\/www.ediren.com\\\/eu\\\/berriak\\\/merezitako-atsedena\\\/#primaryimage\"},\"image\":{\"@id\":\"https:\\\/\\\/www.ediren.com\\\/eu\\\/berriak\\\/merezitako-atsedena\\\/#primaryimage\"},\"thumbnailUrl\":\"https:\\\/\\\/www.ediren.com\\\/wp-content\\\/uploads\\\/2020\\\/07\\\/verano-Ediren.jpg\",\"datePublished\":\"2020-07-23T08:11:28+00:00\",\"dateModified\":\"2020-07-23T08:53:46+00:00\",\"author\":{\"@id\":\"https:\\\/\\\/www.ediren.com\\\/eu\\\/#\\\/schema\\\/person\\\/3611d04167eca3fef669d638c900d126\"},\"description\":\"Ediren, Centro de Psicoterapia y Psic\u00f3logos, especialistas en rehabilitaci\u00f3n y en psicolog\u00eda. Merezitako atsedena...\",\"breadcrumb\":{\"@id\":\"https:\\\/\\\/www.ediren.com\\\/eu\\\/berriak\\\/merezitako-atsedena\\\/#breadcrumb\"},\"inLanguage\":\"eu-ES\",\"potentialAction\":[{\"@type\":\"ReadAction\",\"target\":[\"https:\\\/\\\/www.ediren.com\\\/eu\\\/berriak\\\/merezitako-atsedena\\\/\"]}]},{\"@type\":\"ImageObject\",\"inLanguage\":\"eu-ES\",\"@id\":\"https:\\\/\\\/www.ediren.com\\\/eu\\\/berriak\\\/merezitako-atsedena\\\/#primaryimage\",\"url\":\"https:\\\/\\\/www.ediren.com\\\/wp-content\\\/uploads\\\/2020\\\/07\\\/verano-Ediren.jpg\",\"contentUrl\":\"https:\\\/\\\/www.ediren.com\\\/wp-content\\\/uploads\\\/2020\\\/07\\\/verano-Ediren.jpg\",\"width\":800,\"height\":200},{\"@type\":\"BreadcrumbList\",\"@id\":\"https:\\\/\\\/www.ediren.com\\\/eu\\\/berriak\\\/merezitako-atsedena\\\/#breadcrumb\",\"itemListElement\":[{\"@type\":\"ListItem\",\"position\":1,\"name\":\"Portada\",\"item\":\"https:\\\/\\\/www.ediren.com\\\/eu\\\/hasiera\\\/\"},{\"@type\":\"ListItem\",\"position\":2,\"name\":\"Merezitako atsedena&#8230;\"}]},{\"@type\":\"WebSite\",\"@id\":\"https:\\\/\\\/www.ediren.com\\\/eu\\\/#website\",\"url\":\"https:\\\/\\\/www.ediren.com\\\/eu\\\/\",\"name\":\"Ediren\",\"description\":\"Cooperativa de Salud\",\"potentialAction\":[{\"@type\":\"SearchAction\",\"target\":{\"@type\":\"EntryPoint\",\"urlTemplate\":\"https:\\\/\\\/www.ediren.com\\\/eu\\\/?s={search_term_string}\"},\"query-input\":{\"@type\":\"PropertyValueSpecification\",\"valueRequired\":true,\"valueName\":\"search_term_string\"}}],\"inLanguage\":\"eu-ES\"},{\"@type\":\"Person\",\"@id\":\"https:\\\/\\\/www.ediren.com\\\/eu\\\/#\\\/schema\\\/person\\\/3611d04167eca3fef669d638c900d126\",\"name\":\"ediren\",\"image\":{\"@type\":\"ImageObject\",\"inLanguage\":\"eu-ES\",\"@id\":\"https:\\\/\\\/secure.gravatar.com\\\/avatar\\\/f8d44f1152fb94c746ebb6a040cb31fdde0a786d91c7dace04683d793e9ba10c?s=96&d=mm&r=g\",\"url\":\"https:\\\/\\\/secure.gravatar.com\\\/avatar\\\/f8d44f1152fb94c746ebb6a040cb31fdde0a786d91c7dace04683d793e9ba10c?s=96&d=mm&r=g\",\"contentUrl\":\"https:\\\/\\\/secure.gravatar.com\\\/avatar\\\/f8d44f1152fb94c746ebb6a040cb31fdde0a786d91c7dace04683d793e9ba10c?s=96&d=mm&r=g\",\"caption\":\"ediren\"},\"url\":\"https:\\\/\\\/www.ediren.com\\\/eu\\\/perfil\\\/centro-ediren\\\/\"}]}<\/script>\n<!-- \/ Yoast SEO plugin. -->","yoast_head_json":{"title":"Merezitako atsedena... - Centro de Psicoterapia y Fisioterapia","description":"Ediren, Centro de Psicoterapia y Psic\u00f3logos, especialistas en rehabilitaci\u00f3n y en psicolog\u00eda. Merezitako atsedena...","robots":{"index":"index","follow":"follow","max-snippet":"max-snippet:-1","max-image-preview":"max-image-preview:large","max-video-preview":"max-video-preview:-1"},"canonical":"https:\/\/www.ediren.com\/eu\/berriak\/merezitako-atsedena\/","og_locale":"eu_ES","og_type":"article","og_title":"Merezitako atsedena... - Centro de Psicoterapia y Fisioterapia","og_description":"Ediren, Centro de Psicoterapia y Psic\u00f3logos, especialistas en rehabilitaci\u00f3n y en psicolog\u00eda. Merezitako atsedena...","og_url":"https:\/\/www.ediren.com\/eu\/berriak\/merezitako-atsedena\/","og_site_name":"Ediren","article_publisher":"https:\/\/www.facebook.com\/pages\/Ediren-SALUD\/298201266858043","article_published_time":"2020-07-23T08:11:28+00:00","article_modified_time":"2020-07-23T08:53:46+00:00","og_image":[{"width":800,"height":200,"url":"https:\/\/www.ediren.com\/wp-content\/uploads\/2020\/07\/verano-Ediren.jpg","type":"image\/jpeg"}],"author":"ediren","twitter_card":"summary_large_image","twitter_creator":"@edirensalud","twitter_site":"@edirensalud","twitter_misc":{"Written by":"ediren","Est. reading time":"1 minute"},"schema":{"@context":"https:\/\/schema.org","@graph":[{"@type":["Article","BlogPosting"],"@id":"https:\/\/www.ediren.com\/eu\/berriak\/merezitako-atsedena\/#article","isPartOf":{"@id":"https:\/\/www.ediren.com\/eu\/berriak\/merezitako-atsedena\/"},"author":{"name":"ediren","@id":"https:\/\/www.ediren.com\/eu\/#\/schema\/person\/3611d04167eca3fef669d638c900d126"},"headline":"Merezitako atsedena&#8230;","datePublished":"2020-07-23T08:11:28+00:00","dateModified":"2020-07-23T08:53:46+00:00","mainEntityOfPage":{"@id":"https:\/\/www.ediren.com\/eu\/berriak\/merezitako-atsedena\/"},"wordCount":142,"commentCount":0,"image":{"@id":"https:\/\/www.ediren.com\/eu\/berriak\/merezitako-atsedena\/#primaryimage"},"thumbnailUrl":"https:\/\/www.ediren.com\/wp-content\/uploads\/2020\/07\/verano-Ediren.jpg","articleSection":["Berriak"],"inLanguage":"eu-ES","potentialAction":[{"@type":"CommentAction","name":"Comment","target":["https:\/\/www.ediren.com\/eu\/berriak\/merezitako-atsedena\/#respond"]}]},{"@type":["WebPage","ItemPage"],"@id":"https:\/\/www.ediren.com\/eu\/berriak\/merezitako-atsedena\/","url":"https:\/\/www.ediren.com\/eu\/berriak\/merezitako-atsedena\/","name":"Merezitako atsedena... - Centro de Psicoterapia y Fisioterapia","isPartOf":{"@id":"https:\/\/www.ediren.com\/eu\/#website"},"primaryImageOfPage":{"@id":"https:\/\/www.ediren.com\/eu\/berriak\/merezitako-atsedena\/#primaryimage"},"image":{"@id":"https:\/\/www.ediren.com\/eu\/berriak\/merezitako-atsedena\/#primaryimage"},"thumbnailUrl":"https:\/\/www.ediren.com\/wp-content\/uploads\/2020\/07\/verano-Ediren.jpg","datePublished":"2020-07-23T08:11:28+00:00","dateModified":"2020-07-23T08:53:46+00:00","author":{"@id":"https:\/\/www.ediren.com\/eu\/#\/schema\/person\/3611d04167eca3fef669d638c900d126"},"description":"Ediren, Centro de Psicoterapia y Psic\u00f3logos, especialistas en rehabilitaci\u00f3n y en psicolog\u00eda. Merezitako atsedena...","breadcrumb":{"@id":"https:\/\/www.ediren.com\/eu\/berriak\/merezitako-atsedena\/#breadcrumb"},"inLanguage":"eu-ES","potentialAction":[{"@type":"ReadAction","target":["https:\/\/www.ediren.com\/eu\/berriak\/merezitako-atsedena\/"]}]},{"@type":"ImageObject","inLanguage":"eu-ES","@id":"https:\/\/www.ediren.com\/eu\/berriak\/merezitako-atsedena\/#primaryimage","url":"https:\/\/www.ediren.com\/wp-content\/uploads\/2020\/07\/verano-Ediren.jpg","contentUrl":"https:\/\/www.ediren.com\/wp-content\/uploads\/2020\/07\/verano-Ediren.jpg","width":800,"height":200},{"@type":"BreadcrumbList","@id":"https:\/\/www.ediren.com\/eu\/berriak\/merezitako-atsedena\/#breadcrumb","itemListElement":[{"@type":"ListItem","position":1,"name":"Portada","item":"https:\/\/www.ediren.com\/eu\/hasiera\/"},{"@type":"ListItem","position":2,"name":"Merezitako atsedena&#8230;"}]},{"@type":"WebSite","@id":"https:\/\/www.ediren.com\/eu\/#website","url":"https:\/\/www.ediren.com\/eu\/","name":"Ediren","description":"Cooperativa de Salud","potentialAction":[{"@type":"SearchAction","target":{"@type":"EntryPoint","urlTemplate":"https:\/\/www.ediren.com\/eu\/?s={search_term_string}"},"query-input":{"@type":"PropertyValueSpecification","valueRequired":true,"valueName":"search_term_string"}}],"inLanguage":"eu-ES"},{"@type":"Person","@id":"https:\/\/www.ediren.com\/eu\/#\/schema\/person\/3611d04167eca3fef669d638c900d126","name":"ediren","image":{"@type":"ImageObject","inLanguage":"eu-ES","@id":"https:\/\/secure.gravatar.com\/avatar\/f8d44f1152fb94c746ebb6a040cb31fdde0a786d91c7dace04683d793e9ba10c?s=96&d=mm&r=g","url":"https:\/\/secure.gravatar.com\/avatar\/f8d44f1152fb94c746ebb6a040cb31fdde0a786d91c7dace04683d793e9ba10c?s=96&d=mm&r=g","contentUrl":"https:\/\/secure.gravatar.com\/avatar\/f8d44f1152fb94c746ebb6a040cb31fdde0a786d91c7dace04683d793e9ba10c?s=96&d=mm&r=g","caption":"ediren"},"url":"https:\/\/www.ediren.com\/eu\/perfil\/centro-ediren\/"}]}},"_links":{"self":[{"href":"https:\/\/www.ediren.com\/eu\/wp-json\/wp\/v2\/posts\/7708","targetHints":{"allow":["GET"]}}],"collection":[{"href":"https:\/\/www.ediren.com\/eu\/wp-json\/wp\/v2\/posts"}],"about":[{"href":"https:\/\/www.ediren.com\/eu\/wp-json\/wp\/v2\/types\/post"}],"author":[{"embeddable":true,"href":"https:\/\/www.ediren.com\/eu\/wp-json\/wp\/v2\/users\/3"}],"replies":[{"embeddable":true,"href":"https:\/\/www.ediren.com\/eu\/wp-json\/wp\/v2\/comments?post=7708"}],"version-history":[{"count":0,"href":"https:\/\/www.ediren.com\/eu\/wp-json\/wp\/v2\/posts\/7708\/revisions"}],"wp:featuredmedia":[{"embeddable":true,"href":"https:\/\/www.ediren.com\/eu\/wp-json\/wp\/v2\/media\/7706"}],"wp:attachment":[{"href":"https:\/\/www.ediren.com\/eu\/wp-json\/wp\/v2\/media?parent=7708"}],"wp:term":[{"taxonomy":"category","embeddable":true,"href":"https:\/\/www.ediren.com\/eu\/wp-json\/wp\/v2\/categories?post=7708"},{"taxonomy":"post_tag","embeddable":true,"href":"https:\/\/www.ediren.com\/eu\/wp-json\/wp\/v2\/tags?post=7708"}],"curies":[{"name":"wp","href":"https:\/\/api.w.org\/{rel}","templated":true}]}}