{"id":9153,"date":"2021-05-13T13:18:04","date_gmt":"2021-05-13T11:18:04","guid":{"rendered":"https:\/\/www.ediren.com\/uncategorized-eu\/hazteko-hezkuntza-laguntza\/"},"modified":"2021-05-13T13:18:04","modified_gmt":"2021-05-13T11:18:04","slug":"hazteko-hezkuntza-laguntza","status":"publish","type":"post","link":"https:\/\/www.ediren.com\/eu\/uncategorized-eu\/hazteko-hezkuntza-laguntza\/","title":{"rendered":"Hazteko hezkuntza-laguntza"},"content":{"rendered":"<p>Ediren estrena <a href=\"https:\/\/www.ediren.com\/servicios-educativos\/orientacion-educativa-a-madres-padres-y-referentes\/\">servicio de orientaci\u00f3n y acompa\u00f1amiento educativo individualizado<\/a> para madres-padres y referentes, con el objetivo de apoyarles en su tarea diaria de criar a sus hijos e hijas.<\/p>\n<p>Desde el peso de la responsabilidad por darles lo mejor a nuestros hijos e hijas, sentimos impotencia, nos sentimos culpables e incluso a veces llegamos a intuir que la situaci\u00f3n \u201cse nos va de las manos\u201d. En el d\u00eda a d\u00eda se presentan multitud de dudas, hay informaciones contradictorias y no solemos encontrar referencias v\u00e1lidas.<\/p>\n<p>Por todo ello, Ediren te ofrece este nuevo <strong>servicio de orientaci\u00f3n educativa. <a href=\"https:\/\/www.ediren.com\/pide-cita\/\">PIDE CITA<\/a><\/strong><\/p>\n<p><iframe title=\"YouTube video player\" src=\"https:\/\/www.youtube.com\/embed\/34T49kFnWZA\" width=\"560\" height=\"315\" frameborder=\"0\" allowfullscreen=\"allowfullscreen\"><\/iframe><\/p>\n<h2>\u00bfA qui\u00e9n va dirigido?<\/h2>\n<p>A madres, padres, tutores\/as y personas referentes de menores, que se encargan a diario de ayudarles a crecer.<\/p>\n<h2>\u00bfPara qu\u00e9 sirve?<\/h2>\n<div class=\"elementor-column elementor-col-50 elementor-inner-column elementor-element elementor-element-bcf9d61\" data-id=\"bcf9d61\" data-element_type=\"column\">\n<div class=\"elementor-column-wrap elementor-element-populated\">\n<div class=\"elementor-widget-wrap\">\n<div class=\"elementor-element elementor-element-dcc27bd elementor-widget elementor-widget-text-editor\" data-id=\"dcc27bd\" data-element_type=\"widget\" data-widget_type=\"text-editor.default\">\n<div class=\"elementor-widget-container\">\n<div class=\"elementor-text-editor elementor-clearfix\">\n<ul>\n<li><strong>Orientar y acompa\u00f1ar<\/strong>\u00a0a las familias, intentando dar respuesta a dudas y preocupaciones que surjan en la tarea cotidiana de educar a sus hijos e hijas.<\/li>\n<li><strong>Ayudar<\/strong> a afrontar la crianza de una manera m\u00e1s saludable, sin tanto <a href=\"https:\/\/www.ediren.com\/servicios-salud-mental\/\">desgaste emocional<\/a> y <a href=\"https:\/\/www.ediren.com\/servicios-salud-corporal\/\">f\u00edsico.<\/a><\/li>\n<\/ul>\n<\/div>\n<\/div>\n<\/div>\n<div class=\"elementor-element elementor-element-a8acb92 elementor-widget elementor-widget-heading\" data-id=\"a8acb92\" data-element_type=\"widget\" data-widget_type=\"heading.default\">\n<div class=\"elementor-widget-container\">\n<h2 class=\"elementor-heading-title elementor-size-default\">Espacio confidencial y seguro<\/h2>\n<\/div>\n<\/div>\n<div class=\"elementor-element elementor-element-714654f elementor-widget elementor-widget-text-editor\" data-id=\"714654f\" data-element_type=\"widget\" data-widget_type=\"text-editor.default\">\n<div class=\"elementor-widget-container\">\n<div class=\"elementor-text-editor elementor-clearfix\">\n<ul>\n<li>Te ofrecemos un espacio individualizado <strong>confidencial<\/strong> y<strong> seguro<\/strong>, para poder reflexionar sobre sentimientos de <strong>dificultad<\/strong>, <strong>confusi\u00f3n<\/strong> e <strong>impotencia<\/strong> que se presentan a diario en la crianza.<\/li>\n<li>Te acompa\u00f1aremos en este proceso <strong>profesionales\u00a0expertas\/os<\/strong> en Educaci\u00f3n, Pedagog\u00eda y Familia.<\/li>\n<li>Te atenderemos <strong>presencialmente <\/strong>o<strong> por videoconferencia<\/strong>, a trav\u00e9s de la plataforma virtual que tengas a tu alcance (Zoom, Whatsapp\u2026).<\/li>\n<\/ul>\n<p style=\"text-align: left;\"><a href=\"https:\/\/www.ediren.com\/pide-cita\/\">PIDE CITA<\/a><\/p>\n<\/div>\n<\/div>\n<\/div>\n<\/div>\n<\/div>\n<\/div>\n","protected":false},"excerpt":{"rendered":"<p>Ediren estrena servicio de orientaci\u00f3n y acompa\u00f1amiento educativo para madres-padres y referentes para ayudarles en la crianza de sus hijos e hijas.<\/p>\n","protected":false},"author":3,"featured_media":9144,"comment_status":"open","ping_status":"closed","sticky":false,"template":"","format":"standard","meta":{"_genesis_hide_title":false,"_genesis_hide_breadcrumbs":false,"_genesis_hide_singular_image":false,"_genesis_hide_footer_widgets":false,"_genesis_custom_body_class":"","_genesis_custom_post_class":"","_genesis_layout":"","footnotes":""},"categories":[],"tags":[],"class_list":{"0":"post-9153","1":"post","2":"type-post","3":"status-publish","4":"format-standard","5":"has-post-thumbnail","7":"entry"},"yoast_head":"<!-- This site is optimized with the Yoast SEO plugin v27.4 - https:\/\/yoast.com\/product\/yoast-seo-wordpress\/ -->\n<title>Hazteko hezkuntza-laguntza - Centro de Psicoterapia y Fisioterapia<\/title>\n<meta name=\"description\" content=\"Ediren, Centro de Psicoterapia y Psic\u00f3logos, especialistas en rehabilitaci\u00f3n y en psicolog\u00eda. Hazteko hezkuntza-laguntza\" \/>\n<meta name=\"robots\" content=\"index, follow, max-snippet:-1, max-image-preview:large, max-video-preview:-1\" \/>\n<link rel=\"canonical\" href=\"https:\/\/www.ediren.com\/eu\/uncategorized-eu\/hazteko-hezkuntza-laguntza\/\" \/>\n<meta property=\"og:locale\" content=\"eu_ES\" \/>\n<meta property=\"og:type\" content=\"article\" \/>\n<meta property=\"og:title\" content=\"Hazteko hezkuntza-laguntza - Centro de Psicoterapia y Fisioterapia\" \/>\n<meta property=\"og:description\" content=\"Ediren, Centro de Psicoterapia y Psic\u00f3logos, especialistas en rehabilitaci\u00f3n y en psicolog\u00eda. Hazteko hezkuntza-laguntza\" \/>\n<meta property=\"og:url\" content=\"https:\/\/www.ediren.com\/eu\/uncategorized-eu\/hazteko-hezkuntza-laguntza\/\" \/>\n<meta property=\"og:site_name\" content=\"Ediren\" \/>\n<meta property=\"article:publisher\" content=\"https:\/\/www.facebook.com\/pages\/Ediren-SALUD\/298201266858043\" \/>\n<meta property=\"article:published_time\" content=\"2021-05-13T11:18:04+00:00\" \/>\n<meta property=\"og:image\" content=\"https:\/\/www.ediren.com\/wp-content\/uploads\/2021\/05\/orientacion-educativa-1.jpg\" \/>\n\t<meta property=\"og:image:width\" content=\"1200\" \/>\n\t<meta property=\"og:image:height\" content=\"628\" \/>\n\t<meta property=\"og:image:type\" content=\"image\/jpeg\" \/>\n<meta name=\"author\" content=\"ediren\" \/>\n<meta name=\"twitter:card\" content=\"summary_large_image\" \/>\n<meta name=\"twitter:creator\" content=\"@edirensalud\" \/>\n<meta name=\"twitter:site\" content=\"@edirensalud\" \/>\n<meta name=\"twitter:label1\" content=\"Written by\" \/>\n\t<meta name=\"twitter:data1\" content=\"ediren\" \/>\n\t<meta name=\"twitter:label2\" content=\"Est. reading time\" \/>\n\t<meta name=\"twitter:data2\" content=\"1 minute\" \/>\n<script type=\"application\/ld+json\" class=\"yoast-schema-graph\">{\"@context\":\"https:\\\/\\\/schema.org\",\"@graph\":[{\"@type\":[\"Article\",\"BlogPosting\"],\"@id\":\"https:\\\/\\\/www.ediren.com\\\/eu\\\/uncategorized-eu\\\/hazteko-hezkuntza-laguntza\\\/#article\",\"isPartOf\":{\"@id\":\"https:\\\/\\\/www.ediren.com\\\/eu\\\/uncategorized-eu\\\/hazteko-hezkuntza-laguntza\\\/\"},\"author\":{\"name\":\"ediren\",\"@id\":\"https:\\\/\\\/www.ediren.com\\\/eu\\\/#\\\/schema\\\/person\\\/3611d04167eca3fef669d638c900d126\"},\"headline\":\"Hazteko hezkuntza-laguntza\",\"datePublished\":\"2021-05-13T11:18:04+00:00\",\"mainEntityOfPage\":{\"@id\":\"https:\\\/\\\/www.ediren.com\\\/eu\\\/uncategorized-eu\\\/hazteko-hezkuntza-laguntza\\\/\"},\"wordCount\":248,\"commentCount\":0,\"image\":{\"@id\":\"https:\\\/\\\/www.ediren.com\\\/eu\\\/uncategorized-eu\\\/hazteko-hezkuntza-laguntza\\\/#primaryimage\"},\"thumbnailUrl\":\"https:\\\/\\\/www.ediren.com\\\/wp-content\\\/uploads\\\/2021\\\/05\\\/orientacion-educativa-1.jpg\",\"inLanguage\":\"eu-ES\",\"potentialAction\":[{\"@type\":\"CommentAction\",\"name\":\"Comment\",\"target\":[\"https:\\\/\\\/www.ediren.com\\\/eu\\\/uncategorized-eu\\\/hazteko-hezkuntza-laguntza\\\/#respond\"]}]},{\"@type\":[\"WebPage\",\"ItemPage\"],\"@id\":\"https:\\\/\\\/www.ediren.com\\\/eu\\\/uncategorized-eu\\\/hazteko-hezkuntza-laguntza\\\/\",\"url\":\"https:\\\/\\\/www.ediren.com\\\/eu\\\/uncategorized-eu\\\/hazteko-hezkuntza-laguntza\\\/\",\"name\":\"Hazteko hezkuntza-laguntza - Centro de Psicoterapia y Fisioterapia\",\"isPartOf\":{\"@id\":\"https:\\\/\\\/www.ediren.com\\\/eu\\\/#website\"},\"primaryImageOfPage\":{\"@id\":\"https:\\\/\\\/www.ediren.com\\\/eu\\\/uncategorized-eu\\\/hazteko-hezkuntza-laguntza\\\/#primaryimage\"},\"image\":{\"@id\":\"https:\\\/\\\/www.ediren.com\\\/eu\\\/uncategorized-eu\\\/hazteko-hezkuntza-laguntza\\\/#primaryimage\"},\"thumbnailUrl\":\"https:\\\/\\\/www.ediren.com\\\/wp-content\\\/uploads\\\/2021\\\/05\\\/orientacion-educativa-1.jpg\",\"datePublished\":\"2021-05-13T11:18:04+00:00\",\"author\":{\"@id\":\"https:\\\/\\\/www.ediren.com\\\/eu\\\/#\\\/schema\\\/person\\\/3611d04167eca3fef669d638c900d126\"},\"description\":\"Ediren, Centro de Psicoterapia y Psic\u00f3logos, especialistas en rehabilitaci\u00f3n y en psicolog\u00eda. Hazteko hezkuntza-laguntza\",\"breadcrumb\":{\"@id\":\"https:\\\/\\\/www.ediren.com\\\/eu\\\/uncategorized-eu\\\/hazteko-hezkuntza-laguntza\\\/#breadcrumb\"},\"inLanguage\":\"eu-ES\",\"potentialAction\":[{\"@type\":\"ReadAction\",\"target\":[\"https:\\\/\\\/www.ediren.com\\\/eu\\\/uncategorized-eu\\\/hazteko-hezkuntza-laguntza\\\/\"]}]},{\"@type\":\"ImageObject\",\"inLanguage\":\"eu-ES\",\"@id\":\"https:\\\/\\\/www.ediren.com\\\/eu\\\/uncategorized-eu\\\/hazteko-hezkuntza-laguntza\\\/#primaryimage\",\"url\":\"https:\\\/\\\/www.ediren.com\\\/wp-content\\\/uploads\\\/2021\\\/05\\\/orientacion-educativa-1.jpg\",\"contentUrl\":\"https:\\\/\\\/www.ediren.com\\\/wp-content\\\/uploads\\\/2021\\\/05\\\/orientacion-educativa-1.jpg\",\"width\":1200,\"height\":628,\"caption\":\"nuevo servicio de ediren de orientaci\u00f3n educativa a madres, padres y referentes\"},{\"@type\":\"BreadcrumbList\",\"@id\":\"https:\\\/\\\/www.ediren.com\\\/eu\\\/uncategorized-eu\\\/hazteko-hezkuntza-laguntza\\\/#breadcrumb\",\"itemListElement\":[{\"@type\":\"ListItem\",\"position\":1,\"name\":\"Portada\",\"item\":\"https:\\\/\\\/www.ediren.com\\\/eu\\\/hasiera\\\/\"},{\"@type\":\"ListItem\",\"position\":2,\"name\":\"Hazteko hezkuntza-laguntza\"}]},{\"@type\":\"WebSite\",\"@id\":\"https:\\\/\\\/www.ediren.com\\\/eu\\\/#website\",\"url\":\"https:\\\/\\\/www.ediren.com\\\/eu\\\/\",\"name\":\"Ediren\",\"description\":\"Cooperativa de Salud\",\"potentialAction\":[{\"@type\":\"SearchAction\",\"target\":{\"@type\":\"EntryPoint\",\"urlTemplate\":\"https:\\\/\\\/www.ediren.com\\\/eu\\\/?s={search_term_string}\"},\"query-input\":{\"@type\":\"PropertyValueSpecification\",\"valueRequired\":true,\"valueName\":\"search_term_string\"}}],\"inLanguage\":\"eu-ES\"},{\"@type\":\"Person\",\"@id\":\"https:\\\/\\\/www.ediren.com\\\/eu\\\/#\\\/schema\\\/person\\\/3611d04167eca3fef669d638c900d126\",\"name\":\"ediren\",\"image\":{\"@type\":\"ImageObject\",\"inLanguage\":\"eu-ES\",\"@id\":\"https:\\\/\\\/secure.gravatar.com\\\/avatar\\\/f8d44f1152fb94c746ebb6a040cb31fdde0a786d91c7dace04683d793e9ba10c?s=96&d=mm&r=g\",\"url\":\"https:\\\/\\\/secure.gravatar.com\\\/avatar\\\/f8d44f1152fb94c746ebb6a040cb31fdde0a786d91c7dace04683d793e9ba10c?s=96&d=mm&r=g\",\"contentUrl\":\"https:\\\/\\\/secure.gravatar.com\\\/avatar\\\/f8d44f1152fb94c746ebb6a040cb31fdde0a786d91c7dace04683d793e9ba10c?s=96&d=mm&r=g\",\"caption\":\"ediren\"},\"url\":\"https:\\\/\\\/www.ediren.com\\\/eu\\\/perfil\\\/centro-ediren\\\/\"}]}<\/script>\n<!-- \/ Yoast SEO plugin. -->","yoast_head_json":{"title":"Hazteko hezkuntza-laguntza - Centro de Psicoterapia y Fisioterapia","description":"Ediren, Centro de Psicoterapia y Psic\u00f3logos, especialistas en rehabilitaci\u00f3n y en psicolog\u00eda. Hazteko hezkuntza-laguntza","robots":{"index":"index","follow":"follow","max-snippet":"max-snippet:-1","max-image-preview":"max-image-preview:large","max-video-preview":"max-video-preview:-1"},"canonical":"https:\/\/www.ediren.com\/eu\/uncategorized-eu\/hazteko-hezkuntza-laguntza\/","og_locale":"eu_ES","og_type":"article","og_title":"Hazteko hezkuntza-laguntza - Centro de Psicoterapia y Fisioterapia","og_description":"Ediren, Centro de Psicoterapia y Psic\u00f3logos, especialistas en rehabilitaci\u00f3n y en psicolog\u00eda. Hazteko hezkuntza-laguntza","og_url":"https:\/\/www.ediren.com\/eu\/uncategorized-eu\/hazteko-hezkuntza-laguntza\/","og_site_name":"Ediren","article_publisher":"https:\/\/www.facebook.com\/pages\/Ediren-SALUD\/298201266858043","article_published_time":"2021-05-13T11:18:04+00:00","og_image":[{"width":1200,"height":628,"url":"https:\/\/www.ediren.com\/wp-content\/uploads\/2021\/05\/orientacion-educativa-1.jpg","type":"image\/jpeg"}],"author":"ediren","twitter_card":"summary_large_image","twitter_creator":"@edirensalud","twitter_site":"@edirensalud","twitter_misc":{"Written by":"ediren","Est. reading time":"1 minute"},"schema":{"@context":"https:\/\/schema.org","@graph":[{"@type":["Article","BlogPosting"],"@id":"https:\/\/www.ediren.com\/eu\/uncategorized-eu\/hazteko-hezkuntza-laguntza\/#article","isPartOf":{"@id":"https:\/\/www.ediren.com\/eu\/uncategorized-eu\/hazteko-hezkuntza-laguntza\/"},"author":{"name":"ediren","@id":"https:\/\/www.ediren.com\/eu\/#\/schema\/person\/3611d04167eca3fef669d638c900d126"},"headline":"Hazteko hezkuntza-laguntza","datePublished":"2021-05-13T11:18:04+00:00","mainEntityOfPage":{"@id":"https:\/\/www.ediren.com\/eu\/uncategorized-eu\/hazteko-hezkuntza-laguntza\/"},"wordCount":248,"commentCount":0,"image":{"@id":"https:\/\/www.ediren.com\/eu\/uncategorized-eu\/hazteko-hezkuntza-laguntza\/#primaryimage"},"thumbnailUrl":"https:\/\/www.ediren.com\/wp-content\/uploads\/2021\/05\/orientacion-educativa-1.jpg","inLanguage":"eu-ES","potentialAction":[{"@type":"CommentAction","name":"Comment","target":["https:\/\/www.ediren.com\/eu\/uncategorized-eu\/hazteko-hezkuntza-laguntza\/#respond"]}]},{"@type":["WebPage","ItemPage"],"@id":"https:\/\/www.ediren.com\/eu\/uncategorized-eu\/hazteko-hezkuntza-laguntza\/","url":"https:\/\/www.ediren.com\/eu\/uncategorized-eu\/hazteko-hezkuntza-laguntza\/","name":"Hazteko hezkuntza-laguntza - Centro de Psicoterapia y Fisioterapia","isPartOf":{"@id":"https:\/\/www.ediren.com\/eu\/#website"},"primaryImageOfPage":{"@id":"https:\/\/www.ediren.com\/eu\/uncategorized-eu\/hazteko-hezkuntza-laguntza\/#primaryimage"},"image":{"@id":"https:\/\/www.ediren.com\/eu\/uncategorized-eu\/hazteko-hezkuntza-laguntza\/#primaryimage"},"thumbnailUrl":"https:\/\/www.ediren.com\/wp-content\/uploads\/2021\/05\/orientacion-educativa-1.jpg","datePublished":"2021-05-13T11:18:04+00:00","author":{"@id":"https:\/\/www.ediren.com\/eu\/#\/schema\/person\/3611d04167eca3fef669d638c900d126"},"description":"Ediren, Centro de Psicoterapia y Psic\u00f3logos, especialistas en rehabilitaci\u00f3n y en psicolog\u00eda. Hazteko hezkuntza-laguntza","breadcrumb":{"@id":"https:\/\/www.ediren.com\/eu\/uncategorized-eu\/hazteko-hezkuntza-laguntza\/#breadcrumb"},"inLanguage":"eu-ES","potentialAction":[{"@type":"ReadAction","target":["https:\/\/www.ediren.com\/eu\/uncategorized-eu\/hazteko-hezkuntza-laguntza\/"]}]},{"@type":"ImageObject","inLanguage":"eu-ES","@id":"https:\/\/www.ediren.com\/eu\/uncategorized-eu\/hazteko-hezkuntza-laguntza\/#primaryimage","url":"https:\/\/www.ediren.com\/wp-content\/uploads\/2021\/05\/orientacion-educativa-1.jpg","contentUrl":"https:\/\/www.ediren.com\/wp-content\/uploads\/2021\/05\/orientacion-educativa-1.jpg","width":1200,"height":628,"caption":"nuevo servicio de ediren de orientaci\u00f3n educativa a madres, padres y referentes"},{"@type":"BreadcrumbList","@id":"https:\/\/www.ediren.com\/eu\/uncategorized-eu\/hazteko-hezkuntza-laguntza\/#breadcrumb","itemListElement":[{"@type":"ListItem","position":1,"name":"Portada","item":"https:\/\/www.ediren.com\/eu\/hasiera\/"},{"@type":"ListItem","position":2,"name":"Hazteko hezkuntza-laguntza"}]},{"@type":"WebSite","@id":"https:\/\/www.ediren.com\/eu\/#website","url":"https:\/\/www.ediren.com\/eu\/","name":"Ediren","description":"Cooperativa de Salud","potentialAction":[{"@type":"SearchAction","target":{"@type":"EntryPoint","urlTemplate":"https:\/\/www.ediren.com\/eu\/?s={search_term_string}"},"query-input":{"@type":"PropertyValueSpecification","valueRequired":true,"valueName":"search_term_string"}}],"inLanguage":"eu-ES"},{"@type":"Person","@id":"https:\/\/www.ediren.com\/eu\/#\/schema\/person\/3611d04167eca3fef669d638c900d126","name":"ediren","image":{"@type":"ImageObject","inLanguage":"eu-ES","@id":"https:\/\/secure.gravatar.com\/avatar\/f8d44f1152fb94c746ebb6a040cb31fdde0a786d91c7dace04683d793e9ba10c?s=96&d=mm&r=g","url":"https:\/\/secure.gravatar.com\/avatar\/f8d44f1152fb94c746ebb6a040cb31fdde0a786d91c7dace04683d793e9ba10c?s=96&d=mm&r=g","contentUrl":"https:\/\/secure.gravatar.com\/avatar\/f8d44f1152fb94c746ebb6a040cb31fdde0a786d91c7dace04683d793e9ba10c?s=96&d=mm&r=g","caption":"ediren"},"url":"https:\/\/www.ediren.com\/eu\/perfil\/centro-ediren\/"}]}},"_links":{"self":[{"href":"https:\/\/www.ediren.com\/eu\/wp-json\/wp\/v2\/posts\/9153","targetHints":{"allow":["GET"]}}],"collection":[{"href":"https:\/\/www.ediren.com\/eu\/wp-json\/wp\/v2\/posts"}],"about":[{"href":"https:\/\/www.ediren.com\/eu\/wp-json\/wp\/v2\/types\/post"}],"author":[{"embeddable":true,"href":"https:\/\/www.ediren.com\/eu\/wp-json\/wp\/v2\/users\/3"}],"replies":[{"embeddable":true,"href":"https:\/\/www.ediren.com\/eu\/wp-json\/wp\/v2\/comments?post=9153"}],"version-history":[{"count":0,"href":"https:\/\/www.ediren.com\/eu\/wp-json\/wp\/v2\/posts\/9153\/revisions"}],"wp:featuredmedia":[{"embeddable":true,"href":"https:\/\/www.ediren.com\/eu\/wp-json\/wp\/v2\/media\/9144"}],"wp:attachment":[{"href":"https:\/\/www.ediren.com\/eu\/wp-json\/wp\/v2\/media?parent=9153"}],"wp:term":[{"taxonomy":"category","embeddable":true,"href":"https:\/\/www.ediren.com\/eu\/wp-json\/wp\/v2\/categories?post=9153"},{"taxonomy":"post_tag","embeddable":true,"href":"https:\/\/www.ediren.com\/eu\/wp-json\/wp\/v2\/tags?post=9153"}],"curies":[{"name":"wp","href":"https:\/\/api.w.org\/{rel}","templated":true}]}}