{"id":9910,"date":"2021-09-09T13:19:43","date_gmt":"2021-09-09T11:19:43","guid":{"rendered":"https:\/\/www.ediren.com\/?p=9910"},"modified":"2021-09-09T13:36:43","modified_gmt":"2021-09-09T11:36:43","slug":"pedagogoaren-lan-eskaintza","status":"publish","type":"post","link":"https:\/\/www.ediren.com\/eu\/berriak\/pedagogoaren-lan-eskaintza\/","title":{"rendered":"Pedagogoaren lan-eskaintza"},"content":{"rendered":"<p>Ediren enpresak profil hau duen pertsona bat sartu behar du laster bere profesional-taldean:<\/p>\n<ul>\n<li>Pedagogiako titulua<\/li>\n<li>Euskararen ezagutzarekin<\/li>\n<li>Taldean lan egiteko prest<\/li>\n<li>Ordutegi-malgutasuna<\/li>\n<\/ul>\n<p>Interesa duten pertsonek curriculuma bidal dezakete, curriculum@ediren.com helbidera.<\/p>\n<p>&nbsp;<\/p>\n<p>Ediren necesita incorporar pr\u00f3ximamente a su equipo de profesionales una persona con el siguiente perfil:<\/p>\n<ul>\n<li>Titulada en Pedagog\u00eda<\/li>\n<li>Con conocimientos de Euskera<\/li>\n<li>Dispuesta a trabajar en equipo<\/li>\n<li>Flexibilidad horaria<\/li>\n<\/ul>\n<p>Las personas que est\u00e9n interesadas pueden enviar curr\u00edculum para selecci\u00f3n a curriculum@ediren.com<\/p>\n","protected":false},"excerpt":{"rendered":"<p>Ediren taldeak pedagogian tituludun pertsona bat sartu behar du laster bere taldean.<\/p>\n","protected":false},"author":3,"featured_media":9908,"comment_status":"open","ping_status":"closed","sticky":false,"template":"","format":"standard","meta":{"_genesis_hide_title":false,"_genesis_hide_breadcrumbs":false,"_genesis_hide_singular_image":false,"_genesis_hide_footer_widgets":false,"_genesis_custom_body_class":"","_genesis_custom_post_class":"","_genesis_layout":"","footnotes":""},"categories":[45],"tags":[],"class_list":{"0":"post-9910","1":"post","2":"type-post","3":"status-publish","4":"format-standard","5":"has-post-thumbnail","7":"category-berriak","8":"entry"},"yoast_head":"<!-- This site is optimized with the Yoast SEO plugin v27.4 - https:\/\/yoast.com\/product\/yoast-seo-wordpress\/ -->\n<title>Pedagogoaren lan-eskaintza - Centro de Psicoterapia y Fisioterapia<\/title>\n<meta name=\"description\" content=\"Ediren, Centro de Psicoterapia y Psic\u00f3logos, especialistas en rehabilitaci\u00f3n y en psicolog\u00eda. Pedagogoaren lan-eskaintza\" \/>\n<meta name=\"robots\" content=\"index, follow, max-snippet:-1, max-image-preview:large, max-video-preview:-1\" \/>\n<link rel=\"canonical\" href=\"https:\/\/www.ediren.com\/eu\/berriak\/pedagogoaren-lan-eskaintza\/\" \/>\n<meta property=\"og:locale\" content=\"eu_ES\" \/>\n<meta property=\"og:type\" content=\"article\" \/>\n<meta property=\"og:title\" content=\"Pedagogoaren lan-eskaintza - Centro de Psicoterapia y Fisioterapia\" \/>\n<meta property=\"og:description\" content=\"Ediren, Centro de Psicoterapia y Psic\u00f3logos, especialistas en rehabilitaci\u00f3n y en psicolog\u00eda. Pedagogoaren lan-eskaintza\" \/>\n<meta property=\"og:url\" content=\"https:\/\/www.ediren.com\/eu\/berriak\/pedagogoaren-lan-eskaintza\/\" \/>\n<meta property=\"og:site_name\" content=\"Ediren\" \/>\n<meta property=\"article:publisher\" content=\"https:\/\/www.facebook.com\/pages\/Ediren-SALUD\/298201266858043\" \/>\n<meta property=\"article:published_time\" content=\"2021-09-09T11:19:43+00:00\" \/>\n<meta property=\"article:modified_time\" content=\"2021-09-09T11:36:43+00:00\" \/>\n<meta property=\"og:image\" content=\"https:\/\/www.ediren.com\/wp-content\/uploads\/2021\/09\/oferta-pedadoga-web-1.jpg\" \/>\n\t<meta property=\"og:image:width\" content=\"800\" \/>\n\t<meta property=\"og:image:height\" content=\"562\" \/>\n\t<meta property=\"og:image:type\" content=\"image\/jpeg\" \/>\n<meta name=\"author\" content=\"ediren\" \/>\n<meta name=\"twitter:card\" content=\"summary_large_image\" \/>\n<meta name=\"twitter:creator\" content=\"@edirensalud\" \/>\n<meta name=\"twitter:site\" content=\"@edirensalud\" \/>\n<meta name=\"twitter:label1\" content=\"Written by\" \/>\n\t<meta name=\"twitter:data1\" content=\"ediren\" \/>\n\t<meta name=\"twitter:label2\" content=\"Est. reading time\" \/>\n\t<meta name=\"twitter:data2\" content=\"1 minute\" \/>\n<script type=\"application\/ld+json\" class=\"yoast-schema-graph\">{\"@context\":\"https:\\\/\\\/schema.org\",\"@graph\":[{\"@type\":[\"Article\",\"BlogPosting\"],\"@id\":\"https:\\\/\\\/www.ediren.com\\\/eu\\\/berriak\\\/pedagogoaren-lan-eskaintza\\\/#article\",\"isPartOf\":{\"@id\":\"https:\\\/\\\/www.ediren.com\\\/eu\\\/berriak\\\/pedagogoaren-lan-eskaintza\\\/\"},\"author\":{\"name\":\"ediren\",\"@id\":\"https:\\\/\\\/www.ediren.com\\\/eu\\\/#\\\/schema\\\/person\\\/3611d04167eca3fef669d638c900d126\"},\"headline\":\"Pedagogoaren lan-eskaintza\",\"datePublished\":\"2021-09-09T11:19:43+00:00\",\"dateModified\":\"2021-09-09T11:36:43+00:00\",\"mainEntityOfPage\":{\"@id\":\"https:\\\/\\\/www.ediren.com\\\/eu\\\/berriak\\\/pedagogoaren-lan-eskaintza\\\/\"},\"wordCount\":83,\"commentCount\":0,\"image\":{\"@id\":\"https:\\\/\\\/www.ediren.com\\\/eu\\\/berriak\\\/pedagogoaren-lan-eskaintza\\\/#primaryimage\"},\"thumbnailUrl\":\"https:\\\/\\\/www.ediren.com\\\/wp-content\\\/uploads\\\/2021\\\/09\\\/oferta-pedadoga-web-1.jpg\",\"articleSection\":[\"Berriak\"],\"inLanguage\":\"eu-ES\",\"potentialAction\":[{\"@type\":\"CommentAction\",\"name\":\"Comment\",\"target\":[\"https:\\\/\\\/www.ediren.com\\\/eu\\\/berriak\\\/pedagogoaren-lan-eskaintza\\\/#respond\"]}]},{\"@type\":[\"WebPage\",\"ItemPage\"],\"@id\":\"https:\\\/\\\/www.ediren.com\\\/eu\\\/berriak\\\/pedagogoaren-lan-eskaintza\\\/\",\"url\":\"https:\\\/\\\/www.ediren.com\\\/eu\\\/berriak\\\/pedagogoaren-lan-eskaintza\\\/\",\"name\":\"Pedagogoaren lan-eskaintza - Centro de Psicoterapia y Fisioterapia\",\"isPartOf\":{\"@id\":\"https:\\\/\\\/www.ediren.com\\\/eu\\\/#website\"},\"primaryImageOfPage\":{\"@id\":\"https:\\\/\\\/www.ediren.com\\\/eu\\\/berriak\\\/pedagogoaren-lan-eskaintza\\\/#primaryimage\"},\"image\":{\"@id\":\"https:\\\/\\\/www.ediren.com\\\/eu\\\/berriak\\\/pedagogoaren-lan-eskaintza\\\/#primaryimage\"},\"thumbnailUrl\":\"https:\\\/\\\/www.ediren.com\\\/wp-content\\\/uploads\\\/2021\\\/09\\\/oferta-pedadoga-web-1.jpg\",\"datePublished\":\"2021-09-09T11:19:43+00:00\",\"dateModified\":\"2021-09-09T11:36:43+00:00\",\"author\":{\"@id\":\"https:\\\/\\\/www.ediren.com\\\/eu\\\/#\\\/schema\\\/person\\\/3611d04167eca3fef669d638c900d126\"},\"description\":\"Ediren, Centro de Psicoterapia y Psic\u00f3logos, especialistas en rehabilitaci\u00f3n y en psicolog\u00eda. Pedagogoaren lan-eskaintza\",\"breadcrumb\":{\"@id\":\"https:\\\/\\\/www.ediren.com\\\/eu\\\/berriak\\\/pedagogoaren-lan-eskaintza\\\/#breadcrumb\"},\"inLanguage\":\"eu-ES\",\"potentialAction\":[{\"@type\":\"ReadAction\",\"target\":[\"https:\\\/\\\/www.ediren.com\\\/eu\\\/berriak\\\/pedagogoaren-lan-eskaintza\\\/\"]}]},{\"@type\":\"ImageObject\",\"inLanguage\":\"eu-ES\",\"@id\":\"https:\\\/\\\/www.ediren.com\\\/eu\\\/berriak\\\/pedagogoaren-lan-eskaintza\\\/#primaryimage\",\"url\":\"https:\\\/\\\/www.ediren.com\\\/wp-content\\\/uploads\\\/2021\\\/09\\\/oferta-pedadoga-web-1.jpg\",\"contentUrl\":\"https:\\\/\\\/www.ediren.com\\\/wp-content\\\/uploads\\\/2021\\\/09\\\/oferta-pedadoga-web-1.jpg\",\"width\":800,\"height\":562,\"caption\":\"Ediren necesita incorporar una persona con titulaci\u00f3n en Pedagog\u00eda a su equipo\"},{\"@type\":\"BreadcrumbList\",\"@id\":\"https:\\\/\\\/www.ediren.com\\\/eu\\\/berriak\\\/pedagogoaren-lan-eskaintza\\\/#breadcrumb\",\"itemListElement\":[{\"@type\":\"ListItem\",\"position\":1,\"name\":\"Portada\",\"item\":\"https:\\\/\\\/www.ediren.com\\\/eu\\\/hasiera\\\/\"},{\"@type\":\"ListItem\",\"position\":2,\"name\":\"Pedagogoaren lan-eskaintza\"}]},{\"@type\":\"WebSite\",\"@id\":\"https:\\\/\\\/www.ediren.com\\\/eu\\\/#website\",\"url\":\"https:\\\/\\\/www.ediren.com\\\/eu\\\/\",\"name\":\"Ediren\",\"description\":\"Cooperativa de Salud\",\"potentialAction\":[{\"@type\":\"SearchAction\",\"target\":{\"@type\":\"EntryPoint\",\"urlTemplate\":\"https:\\\/\\\/www.ediren.com\\\/eu\\\/?s={search_term_string}\"},\"query-input\":{\"@type\":\"PropertyValueSpecification\",\"valueRequired\":true,\"valueName\":\"search_term_string\"}}],\"inLanguage\":\"eu-ES\"},{\"@type\":\"Person\",\"@id\":\"https:\\\/\\\/www.ediren.com\\\/eu\\\/#\\\/schema\\\/person\\\/3611d04167eca3fef669d638c900d126\",\"name\":\"ediren\",\"image\":{\"@type\":\"ImageObject\",\"inLanguage\":\"eu-ES\",\"@id\":\"https:\\\/\\\/secure.gravatar.com\\\/avatar\\\/f8d44f1152fb94c746ebb6a040cb31fdde0a786d91c7dace04683d793e9ba10c?s=96&d=mm&r=g\",\"url\":\"https:\\\/\\\/secure.gravatar.com\\\/avatar\\\/f8d44f1152fb94c746ebb6a040cb31fdde0a786d91c7dace04683d793e9ba10c?s=96&d=mm&r=g\",\"contentUrl\":\"https:\\\/\\\/secure.gravatar.com\\\/avatar\\\/f8d44f1152fb94c746ebb6a040cb31fdde0a786d91c7dace04683d793e9ba10c?s=96&d=mm&r=g\",\"caption\":\"ediren\"},\"url\":\"https:\\\/\\\/www.ediren.com\\\/eu\\\/perfil\\\/centro-ediren\\\/\"}]}<\/script>\n<!-- \/ Yoast SEO plugin. -->","yoast_head_json":{"title":"Pedagogoaren lan-eskaintza - Centro de Psicoterapia y Fisioterapia","description":"Ediren, Centro de Psicoterapia y Psic\u00f3logos, especialistas en rehabilitaci\u00f3n y en psicolog\u00eda. Pedagogoaren lan-eskaintza","robots":{"index":"index","follow":"follow","max-snippet":"max-snippet:-1","max-image-preview":"max-image-preview:large","max-video-preview":"max-video-preview:-1"},"canonical":"https:\/\/www.ediren.com\/eu\/berriak\/pedagogoaren-lan-eskaintza\/","og_locale":"eu_ES","og_type":"article","og_title":"Pedagogoaren lan-eskaintza - Centro de Psicoterapia y Fisioterapia","og_description":"Ediren, Centro de Psicoterapia y Psic\u00f3logos, especialistas en rehabilitaci\u00f3n y en psicolog\u00eda. Pedagogoaren lan-eskaintza","og_url":"https:\/\/www.ediren.com\/eu\/berriak\/pedagogoaren-lan-eskaintza\/","og_site_name":"Ediren","article_publisher":"https:\/\/www.facebook.com\/pages\/Ediren-SALUD\/298201266858043","article_published_time":"2021-09-09T11:19:43+00:00","article_modified_time":"2021-09-09T11:36:43+00:00","og_image":[{"width":800,"height":562,"url":"https:\/\/www.ediren.com\/wp-content\/uploads\/2021\/09\/oferta-pedadoga-web-1.jpg","type":"image\/jpeg"}],"author":"ediren","twitter_card":"summary_large_image","twitter_creator":"@edirensalud","twitter_site":"@edirensalud","twitter_misc":{"Written by":"ediren","Est. reading time":"1 minute"},"schema":{"@context":"https:\/\/schema.org","@graph":[{"@type":["Article","BlogPosting"],"@id":"https:\/\/www.ediren.com\/eu\/berriak\/pedagogoaren-lan-eskaintza\/#article","isPartOf":{"@id":"https:\/\/www.ediren.com\/eu\/berriak\/pedagogoaren-lan-eskaintza\/"},"author":{"name":"ediren","@id":"https:\/\/www.ediren.com\/eu\/#\/schema\/person\/3611d04167eca3fef669d638c900d126"},"headline":"Pedagogoaren lan-eskaintza","datePublished":"2021-09-09T11:19:43+00:00","dateModified":"2021-09-09T11:36:43+00:00","mainEntityOfPage":{"@id":"https:\/\/www.ediren.com\/eu\/berriak\/pedagogoaren-lan-eskaintza\/"},"wordCount":83,"commentCount":0,"image":{"@id":"https:\/\/www.ediren.com\/eu\/berriak\/pedagogoaren-lan-eskaintza\/#primaryimage"},"thumbnailUrl":"https:\/\/www.ediren.com\/wp-content\/uploads\/2021\/09\/oferta-pedadoga-web-1.jpg","articleSection":["Berriak"],"inLanguage":"eu-ES","potentialAction":[{"@type":"CommentAction","name":"Comment","target":["https:\/\/www.ediren.com\/eu\/berriak\/pedagogoaren-lan-eskaintza\/#respond"]}]},{"@type":["WebPage","ItemPage"],"@id":"https:\/\/www.ediren.com\/eu\/berriak\/pedagogoaren-lan-eskaintza\/","url":"https:\/\/www.ediren.com\/eu\/berriak\/pedagogoaren-lan-eskaintza\/","name":"Pedagogoaren lan-eskaintza - Centro de Psicoterapia y Fisioterapia","isPartOf":{"@id":"https:\/\/www.ediren.com\/eu\/#website"},"primaryImageOfPage":{"@id":"https:\/\/www.ediren.com\/eu\/berriak\/pedagogoaren-lan-eskaintza\/#primaryimage"},"image":{"@id":"https:\/\/www.ediren.com\/eu\/berriak\/pedagogoaren-lan-eskaintza\/#primaryimage"},"thumbnailUrl":"https:\/\/www.ediren.com\/wp-content\/uploads\/2021\/09\/oferta-pedadoga-web-1.jpg","datePublished":"2021-09-09T11:19:43+00:00","dateModified":"2021-09-09T11:36:43+00:00","author":{"@id":"https:\/\/www.ediren.com\/eu\/#\/schema\/person\/3611d04167eca3fef669d638c900d126"},"description":"Ediren, Centro de Psicoterapia y Psic\u00f3logos, especialistas en rehabilitaci\u00f3n y en psicolog\u00eda. Pedagogoaren lan-eskaintza","breadcrumb":{"@id":"https:\/\/www.ediren.com\/eu\/berriak\/pedagogoaren-lan-eskaintza\/#breadcrumb"},"inLanguage":"eu-ES","potentialAction":[{"@type":"ReadAction","target":["https:\/\/www.ediren.com\/eu\/berriak\/pedagogoaren-lan-eskaintza\/"]}]},{"@type":"ImageObject","inLanguage":"eu-ES","@id":"https:\/\/www.ediren.com\/eu\/berriak\/pedagogoaren-lan-eskaintza\/#primaryimage","url":"https:\/\/www.ediren.com\/wp-content\/uploads\/2021\/09\/oferta-pedadoga-web-1.jpg","contentUrl":"https:\/\/www.ediren.com\/wp-content\/uploads\/2021\/09\/oferta-pedadoga-web-1.jpg","width":800,"height":562,"caption":"Ediren necesita incorporar una persona con titulaci\u00f3n en Pedagog\u00eda a su equipo"},{"@type":"BreadcrumbList","@id":"https:\/\/www.ediren.com\/eu\/berriak\/pedagogoaren-lan-eskaintza\/#breadcrumb","itemListElement":[{"@type":"ListItem","position":1,"name":"Portada","item":"https:\/\/www.ediren.com\/eu\/hasiera\/"},{"@type":"ListItem","position":2,"name":"Pedagogoaren lan-eskaintza"}]},{"@type":"WebSite","@id":"https:\/\/www.ediren.com\/eu\/#website","url":"https:\/\/www.ediren.com\/eu\/","name":"Ediren","description":"Cooperativa de Salud","potentialAction":[{"@type":"SearchAction","target":{"@type":"EntryPoint","urlTemplate":"https:\/\/www.ediren.com\/eu\/?s={search_term_string}"},"query-input":{"@type":"PropertyValueSpecification","valueRequired":true,"valueName":"search_term_string"}}],"inLanguage":"eu-ES"},{"@type":"Person","@id":"https:\/\/www.ediren.com\/eu\/#\/schema\/person\/3611d04167eca3fef669d638c900d126","name":"ediren","image":{"@type":"ImageObject","inLanguage":"eu-ES","@id":"https:\/\/secure.gravatar.com\/avatar\/f8d44f1152fb94c746ebb6a040cb31fdde0a786d91c7dace04683d793e9ba10c?s=96&d=mm&r=g","url":"https:\/\/secure.gravatar.com\/avatar\/f8d44f1152fb94c746ebb6a040cb31fdde0a786d91c7dace04683d793e9ba10c?s=96&d=mm&r=g","contentUrl":"https:\/\/secure.gravatar.com\/avatar\/f8d44f1152fb94c746ebb6a040cb31fdde0a786d91c7dace04683d793e9ba10c?s=96&d=mm&r=g","caption":"ediren"},"url":"https:\/\/www.ediren.com\/eu\/perfil\/centro-ediren\/"}]}},"_links":{"self":[{"href":"https:\/\/www.ediren.com\/eu\/wp-json\/wp\/v2\/posts\/9910","targetHints":{"allow":["GET"]}}],"collection":[{"href":"https:\/\/www.ediren.com\/eu\/wp-json\/wp\/v2\/posts"}],"about":[{"href":"https:\/\/www.ediren.com\/eu\/wp-json\/wp\/v2\/types\/post"}],"author":[{"embeddable":true,"href":"https:\/\/www.ediren.com\/eu\/wp-json\/wp\/v2\/users\/3"}],"replies":[{"embeddable":true,"href":"https:\/\/www.ediren.com\/eu\/wp-json\/wp\/v2\/comments?post=9910"}],"version-history":[{"count":0,"href":"https:\/\/www.ediren.com\/eu\/wp-json\/wp\/v2\/posts\/9910\/revisions"}],"wp:featuredmedia":[{"embeddable":true,"href":"https:\/\/www.ediren.com\/eu\/wp-json\/wp\/v2\/media\/9908"}],"wp:attachment":[{"href":"https:\/\/www.ediren.com\/eu\/wp-json\/wp\/v2\/media?parent=9910"}],"wp:term":[{"taxonomy":"category","embeddable":true,"href":"https:\/\/www.ediren.com\/eu\/wp-json\/wp\/v2\/categories?post=9910"},{"taxonomy":"post_tag","embeddable":true,"href":"https:\/\/www.ediren.com\/eu\/wp-json\/wp\/v2\/tags?post=9910"}],"curies":[{"name":"wp","href":"https:\/\/api.w.org\/{rel}","templated":true}]}}